{"id":2392,"date":"2008-03-24T10:46:06","date_gmt":"2008-03-24T09:46:06","guid":{"rendered":"http:\/\/www.diabsite.de\/diabetes-weblog\/2008\/03\/24\/wir-bringen-den-diabetes-in-die-offentlichkeit-2\/"},"modified":"2008-03-24T10:46:06","modified_gmt":"2008-03-24T09:46:06","slug":"wir-bringen-den-diabetes-in-die-offentlichkeit-2","status":"publish","type":"post","link":"https:\/\/www.diabsite.de\/diabetes-weblog\/2008\/03\/24\/wir-bringen-den-diabetes-in-die-offentlichkeit-2\/","title":{"rendered":"Wir bringen den Diabetes in die \u00d6ffentlichkeit"},"content":{"rendered":"<p>Das Diabetes-Portal DiabSite wendet sich nicht nur an Diabetiker und Diabetes-Experten. Denn wer Vorurteile abbauen und die Fr\u00fcherkennung f\u00f6rdern will, muss den Diabetes in der \u00d6ffentlichkeit bekannt machen. Dies ist besonders wichtig, wenn Anliegen der Diabetiker eine breite Unterst\u00fctzung suchen. Aus diesem Grund finden Journalisten und andere Multiplikatoren im <a href=\"https:\/\/www.diabsite.de\/presse\/index.html\" target=\"_blank\">Presse- und Medienzentrum<\/a> der DiabSite neben n\u00fctzlichen Informationen f\u00fcr die eigene Arbeit auch unsere aktuelle <a href=\"https:\/\/www.diabsite.de\/presse\/pressemitteilungen\/pm-080318.html\" target=\"_blank\">Pressemitteilung<\/a> zur Petition <a href=\"https:\/\/www.diabsite.de\/aktuelles\/gesundheitspolitik\/analoga\/petition.html\" target=\"_blank\">Pro kurzwirksame Insulinanaloga f\u00fcr Typ-1-Diabetiker<\/a>. Da die politisch gewollten Einschr\u00e4nkungen der Therapiefreiheit der \u00c4rzte und bei der Erstattungspflicht von Medikamenten auch Menschen mit anderen Krankheiten treffen, hoffen wir auf die Ver\u00f6ffentlichung des Aufrufs zur Unterzeichnung der Petition auch in anderen Medien.<\/p>\n","protected":false},"excerpt":{"rendered":"<p>Das Diabetes-Portal DiabSite wendet sich nicht nur an Diabetiker und Diabetes-Experten. Denn wer Vorurteile abbauen und die Fr\u00fcherkennung f\u00f6rdern will, muss den Diabetes in der \u00d6ffentlichkeit bekannt machen. Dies ist besonders wichtig, wenn Anliegen der Diabetiker eine breite Unterst\u00fctzung suchen. Aus diesem Grund finden Journalisten und andere Multiplikatoren im Presse- und Medienzentrum der DiabSite neben [&hellip;]<\/p>\n","protected":false},"author":4,"featured_media":0,"comment_status":"closed","ping_status":"open","sticky":false,"template":"","format":"standard","meta":{"footnotes":""},"categories":[1],"tags":[],"_links":{"self":[{"href":"https:\/\/www.diabsite.de\/diabetes-weblog\/wp-json\/wp\/v2\/posts\/2392"}],"collection":[{"href":"https:\/\/www.diabsite.de\/diabetes-weblog\/wp-json\/wp\/v2\/posts"}],"about":[{"href":"https:\/\/www.diabsite.de\/diabetes-weblog\/wp-json\/wp\/v2\/types\/post"}],"author":[{"embeddable":true,"href":"https:\/\/www.diabsite.de\/diabetes-weblog\/wp-json\/wp\/v2\/users\/4"}],"replies":[{"embeddable":true,"href":"https:\/\/www.diabsite.de\/diabetes-weblog\/wp-json\/wp\/v2\/comments?post=2392"}],"version-history":[{"count":0,"href":"https:\/\/www.diabsite.de\/diabetes-weblog\/wp-json\/wp\/v2\/posts\/2392\/revisions"}],"wp:attachment":[{"href":"https:\/\/www.diabsite.de\/diabetes-weblog\/wp-json\/wp\/v2\/media?parent=2392"}],"wp:term":[{"taxonomy":"category","embeddable":true,"href":"https:\/\/www.diabsite.de\/diabetes-weblog\/wp-json\/wp\/v2\/categories?post=2392"},{"taxonomy":"post_tag","embeddable":true,"href":"https:\/\/www.diabsite.de\/diabetes-weblog\/wp-json\/wp\/v2\/tags?post=2392"}],"curies":[{"name":"wp","href":"https:\/\/api.w.org\/{rel}","templated":true}]}}