{"id":2366,"date":"2008-03-10T22:39:31","date_gmt":"2008-03-10T21:39:31","guid":{"rendered":"http:\/\/www.diabsite.de\/diabetes-weblog\/2008\/03\/10\/2366\/"},"modified":"2008-03-10T23:06:42","modified_gmt":"2008-03-10T22:06:42","slug":"2366","status":"publish","type":"post","link":"https:\/\/www.diabsite.de\/diabetes-weblog\/2008\/03\/10\/2366\/","title":{"rendered":"Das IQWiG, Insulinanaloga, drei Studien und Novo Nordisk"},"content":{"rendered":"<p><a href=\"https:\/\/www.diabetes-radio.de\/\" target=\"_blank\"><img loading=\"lazy\" decoding=\"async\" class=\"alignright\" src=\"https:\/\/www.diabsite.de\/diabetes-weblog\/wp-content\/themes\/diabsite\/images\/diabetes-radio.gif\" width=\"100\" height=\"100\" alt=\"DiabSite Diabetes-Radio\" title=\"DiabSite Diabetes-Radio\" \/><\/a> Nachdem auf Empfehlung des Instituts f\u00fcr Qualit\u00e4t und Wirtschaftlichkeit im Gesundheitswesen&nbsp;(IQWiG) vor zwei Jahren bereits die Verordnungsf\u00e4higkeit von kurzwirksamen Insulinanaloga f\u00fcr Typ-2-Diabetiker gekappt wurde, droht den kurzwirksamen Insulinanaloga f\u00fcr Typ-1-Diabetiker nun dasselbe Schicksal. <a href=\"https:\/\/www.diabetes-radio.de\/2008\/03\/10\/\" target=\"_blank\"><img loading=\"lazy\" decoding=\"async\" class=\"alignleft\" src=\"https:\/\/www.diabsite.de\/diabetes-weblog\/wp-content\/themes\/diabsite\/images\/karim-el-haschimi.jpg\" width=\"120\" height=\"150\" alt=\"Dr. Karim El-Haschimi\" title=\"Dr. Karim El-Haschimi\" \/><\/a> Dies wurde am 22.&nbsp;Februar 2008 auf einer Pressekonferenz des Gemeinsamen Bundesausschusses bekannt gegeben. Auf eben dieser Pressekonferenz hat IQWiG-Chef Prof.&nbsp;Sawicki schwere Vorw\u00fcrfe gegen den Pharmakonzern Novo Nordisk erhoben, weil dieser ihm, so Sawicki, den Einblick in drei Studien verwehrt h\u00e4tte, die zur Entscheidungsfindung von gro\u00dfer Bedeutung gewesen w\u00e4ren. Ob an diesen Vorw\u00fcrfen etwas dran ist&nbsp;&#8211; das wollte DiabSite nun von Dr.&nbsp;Karim El-Haschimi, Diabetologe und Endokrinologe und Medizinischer Direktor f\u00fcr Zentraleuropa bei der Novo Nordisk Pharma&nbsp;GmbH, wissen. <a href=\"https:\/\/www.diabetes-radio.de\/2008\/03\/10\/\" title=\"zum Podcast\" target=\"_blank\">Podcast-Episode anh\u00f6ren<\/a>.<\/p>\n","protected":false},"excerpt":{"rendered":"<p>Nachdem auf Empfehlung des Instituts f\u00fcr Qualit\u00e4t und Wirtschaftlichkeit im Gesundheitswesen&nbsp;(IQWiG) vor zwei Jahren bereits die Verordnungsf\u00e4higkeit von kurzwirksamen Insulinanaloga f\u00fcr Typ-2-Diabetiker gekappt wurde, droht den kurzwirksamen Insulinanaloga f\u00fcr Typ-1-Diabetiker nun dasselbe Schicksal. Dies wurde am 22.&nbsp;Februar 2008 auf einer Pressekonferenz des Gemeinsamen Bundesausschusses bekannt gegeben. Auf eben dieser Pressekonferenz hat IQWiG-Chef Prof.&nbsp;Sawicki schwere Vorw\u00fcrfe [&hellip;]<\/p>\n","protected":false},"author":4,"featured_media":0,"comment_status":"closed","ping_status":"open","sticky":false,"template":"","format":"standard","meta":{"footnotes":""},"categories":[4],"tags":[],"_links":{"self":[{"href":"https:\/\/www.diabsite.de\/diabetes-weblog\/wp-json\/wp\/v2\/posts\/2366"}],"collection":[{"href":"https:\/\/www.diabsite.de\/diabetes-weblog\/wp-json\/wp\/v2\/posts"}],"about":[{"href":"https:\/\/www.diabsite.de\/diabetes-weblog\/wp-json\/wp\/v2\/types\/post"}],"author":[{"embeddable":true,"href":"https:\/\/www.diabsite.de\/diabetes-weblog\/wp-json\/wp\/v2\/users\/4"}],"replies":[{"embeddable":true,"href":"https:\/\/www.diabsite.de\/diabetes-weblog\/wp-json\/wp\/v2\/comments?post=2366"}],"version-history":[{"count":0,"href":"https:\/\/www.diabsite.de\/diabetes-weblog\/wp-json\/wp\/v2\/posts\/2366\/revisions"}],"wp:attachment":[{"href":"https:\/\/www.diabsite.de\/diabetes-weblog\/wp-json\/wp\/v2\/media?parent=2366"}],"wp:term":[{"taxonomy":"category","embeddable":true,"href":"https:\/\/www.diabsite.de\/diabetes-weblog\/wp-json\/wp\/v2\/categories?post=2366"},{"taxonomy":"post_tag","embeddable":true,"href":"https:\/\/www.diabsite.de\/diabetes-weblog\/wp-json\/wp\/v2\/tags?post=2366"}],"curies":[{"name":"wp","href":"https:\/\/api.w.org\/{rel}","templated":true}]}}