{"id":23013,"date":"2012-12-27T20:26:23","date_gmt":"2012-12-27T19:26:23","guid":{"rendered":"http:\/\/www.diabsite.de\/diabetes-weblog\/?p=23013"},"modified":"2012-12-27T20:49:19","modified_gmt":"2012-12-27T19:49:19","slug":"wegfall-der-praxisgebuehr-und-was-sich-noch-aendert","status":"publish","type":"post","link":"https:\/\/www.diabsite.de\/diabetes-weblog\/2012\/12\/27\/wegfall-der-praxisgebuehr-und-was-sich-noch-aendert\/","title":{"rendered":"Wegfall der Praxisgeb\u00fchr und was sich noch \u00e4ndert"},"content":{"rendered":"<p>Das Bundesministerium f\u00fcr Gesunehit informiert umfassed \u00fcber Neuregelungen im Jahr 2013 im Bereich Gesundheit und Pflege: Am 29. Oktober 2012 ist das Pflege-Neuausrichtungs-Gesetz im Bundesgesetzblatt verk\u00fcndet worden. Bereits am Tag nach der Verk\u00fcndung sind zahlreiche Verbesserungen f\u00fcr pflegebed\u00fcrftige Menschen und ihre Angeh\u00f6rigen in Kraft getreten. So zum Beispiel die F\u00f6rderung neuer Wohnformen und die Verpflichtung der Pflegekassen zu mehr Service und Beratung. <a href=\"https:\/\/www.diabsite.de\/aktuelles\/nachrichten\/2012\/121227b.html\" target=\"_blank\" class=\"ds\" title=\"zur Nachricht (neues Fenster)\">Nachricht lesen<\/a><\/p>\n","protected":false},"excerpt":{"rendered":"<p>Das Bundesministerium f\u00fcr Gesunehit informiert umfassed \u00fcber Neuregelungen im Jahr 2013 im Bereich Gesundheit und Pflege: Am 29. Oktober 2012 ist das Pflege-Neuausrichtungs-Gesetz im Bundesgesetzblatt verk\u00fcndet worden. Bereits am Tag nach der Verk\u00fcndung sind zahlreiche Verbesserungen f\u00fcr pflegebed\u00fcrftige Menschen und ihre Angeh\u00f6rigen in Kraft getreten. So zum Beispiel die F\u00f6rderung neuer Wohnformen und die Verpflichtung [&hellip;]<\/p>\n","protected":false},"author":4,"featured_media":0,"comment_status":"open","ping_status":"closed","sticky":false,"template":"","format":"standard","meta":{"footnotes":""},"categories":[2],"tags":[150,1445,1444,655],"_links":{"self":[{"href":"https:\/\/www.diabsite.de\/diabetes-weblog\/wp-json\/wp\/v2\/posts\/23013"}],"collection":[{"href":"https:\/\/www.diabsite.de\/diabetes-weblog\/wp-json\/wp\/v2\/posts"}],"about":[{"href":"https:\/\/www.diabsite.de\/diabetes-weblog\/wp-json\/wp\/v2\/types\/post"}],"author":[{"embeddable":true,"href":"https:\/\/www.diabsite.de\/diabetes-weblog\/wp-json\/wp\/v2\/users\/4"}],"replies":[{"embeddable":true,"href":"https:\/\/www.diabsite.de\/diabetes-weblog\/wp-json\/wp\/v2\/comments?post=23013"}],"version-history":[{"count":6,"href":"https:\/\/www.diabsite.de\/diabetes-weblog\/wp-json\/wp\/v2\/posts\/23013\/revisions"}],"predecessor-version":[{"id":23019,"href":"https:\/\/www.diabsite.de\/diabetes-weblog\/wp-json\/wp\/v2\/posts\/23013\/revisions\/23019"}],"wp:attachment":[{"href":"https:\/\/www.diabsite.de\/diabetes-weblog\/wp-json\/wp\/v2\/media?parent=23013"}],"wp:term":[{"taxonomy":"category","embeddable":true,"href":"https:\/\/www.diabsite.de\/diabetes-weblog\/wp-json\/wp\/v2\/categories?post=23013"},{"taxonomy":"post_tag","embeddable":true,"href":"https:\/\/www.diabsite.de\/diabetes-weblog\/wp-json\/wp\/v2\/tags?post=23013"}],"curies":[{"name":"wp","href":"https:\/\/api.w.org\/{rel}","templated":true}]}}