{"id":22899,"date":"2012-12-18T12:05:47","date_gmt":"2012-12-18T11:05:47","guid":{"rendered":"http:\/\/www.diabsite.de\/diabetes-weblog\/?p=22899"},"modified":"2012-12-18T23:49:45","modified_gmt":"2012-12-18T22:49:45","slug":"bessere-versorgungslosungen-fuer-migranten-mit-diabetes","status":"publish","type":"post","link":"https:\/\/www.diabsite.de\/diabetes-weblog\/2012\/12\/18\/bessere-versorgungslosungen-fuer-migranten-mit-diabetes\/","title":{"rendered":"Bessere Versorgungsl\u00f6sungen f\u00fcr Migranten mit Diabetes"},"content":{"rendered":"<p>Fast ein F\u00fcnftel aller in Deutschland lebenden Menschen haben einen Migrationshintergrund. Laut Sch\u00e4tzungen leiden etwa 600.000 von ihnen an Diabetes mellitus. Experten vermuten, dass die Dunkelziffer noch h\u00f6her ist. Denn aufgrund von kulturellen, sprachlichen und Bildungsbarrieren l\u00e4sst sich die tats\u00e4chliche gesundheitliche Lage von Menschen mit Migrationshintergrund nur schwer erfassen. Anl\u00e4sslich des Internationalen Tages der Migranten am 18.&nbsp;Dezember&nbsp;2012 fordert diabetesDE&nbsp;&#8211; Deutsche Diabetes-Hilfe den Ausbau geeigneter Schulungs- und Behandlungskonzepte f\u00fcr Betroffene mit Diabetes. <a href=\"https:\/\/www.diabsite.de\/aktuelles\/nachrichten\/2012\/121218.html\" target=\"_blank\" class=\"ds\" title=\"zur Nachricht (neues Fenster)\">Nachricht lesen<\/a><\/p>\n<p>Das k\u00f6nnte Sie auch interessieren:<\/p>\n<p>&#8211; <a href=\"https:\/\/www.diabetes-radio.de\/2007\/05\/19\/diabetes-und-migranten-in-deutschland\/\" target=\"_blank\" class=\"radio\" title=\"neues Fenster\">Diabetes und Migranten in Deutschland<\/a> &#8211; Ein Interview mit Dr. med. Alexander Risse im DiabSite Diabetes-Radio<\/p>\n","protected":false},"excerpt":{"rendered":"<p>Fast ein F\u00fcnftel aller in Deutschland lebenden Menschen haben einen Migrationshintergrund. Laut Sch\u00e4tzungen leiden etwa 600.000 von ihnen an Diabetes mellitus. Experten vermuten, dass die Dunkelziffer noch h\u00f6her ist. Denn aufgrund von kulturellen, sprachlichen und Bildungsbarrieren l\u00e4sst sich die tats\u00e4chliche gesundheitliche Lage von Menschen mit Migrationshintergrund nur schwer erfassen. Anl\u00e4sslich des Internationalen Tages der Migranten [&hellip;]<\/p>\n","protected":false},"author":4,"featured_media":0,"comment_status":"open","ping_status":"closed","sticky":false,"template":"","format":"standard","meta":{"footnotes":""},"categories":[2],"tags":[806,1416,1415],"_links":{"self":[{"href":"https:\/\/www.diabsite.de\/diabetes-weblog\/wp-json\/wp\/v2\/posts\/22899"}],"collection":[{"href":"https:\/\/www.diabsite.de\/diabetes-weblog\/wp-json\/wp\/v2\/posts"}],"about":[{"href":"https:\/\/www.diabsite.de\/diabetes-weblog\/wp-json\/wp\/v2\/types\/post"}],"author":[{"embeddable":true,"href":"https:\/\/www.diabsite.de\/diabetes-weblog\/wp-json\/wp\/v2\/users\/4"}],"replies":[{"embeddable":true,"href":"https:\/\/www.diabsite.de\/diabetes-weblog\/wp-json\/wp\/v2\/comments?post=22899"}],"version-history":[{"count":10,"href":"https:\/\/www.diabsite.de\/diabetes-weblog\/wp-json\/wp\/v2\/posts\/22899\/revisions"}],"predecessor-version":[{"id":22914,"href":"https:\/\/www.diabsite.de\/diabetes-weblog\/wp-json\/wp\/v2\/posts\/22899\/revisions\/22914"}],"wp:attachment":[{"href":"https:\/\/www.diabsite.de\/diabetes-weblog\/wp-json\/wp\/v2\/media?parent=22899"}],"wp:term":[{"taxonomy":"category","embeddable":true,"href":"https:\/\/www.diabsite.de\/diabetes-weblog\/wp-json\/wp\/v2\/categories?post=22899"},{"taxonomy":"post_tag","embeddable":true,"href":"https:\/\/www.diabsite.de\/diabetes-weblog\/wp-json\/wp\/v2\/tags?post=22899"}],"curies":[{"name":"wp","href":"https:\/\/api.w.org\/{rel}","templated":true}]}}