{"id":22833,"date":"2012-12-13T20:28:37","date_gmt":"2012-12-13T19:28:37","guid":{"rendered":"http:\/\/www.diabsite.de\/diabetes-weblog\/?p=22833"},"modified":"2012-12-13T21:37:07","modified_gmt":"2012-12-13T20:37:07","slug":"schleswig-holstein-startet-initiative-zum-nationalen-diabetes-plan","status":"publish","type":"post","link":"https:\/\/www.diabsite.de\/diabetes-weblog\/2012\/12\/13\/schleswig-holstein-startet-initiative-zum-nationalen-diabetes-plan\/","title":{"rendered":"Schleswig-Holstein startet Initiative zum Nationalen Diabetes-Plan"},"content":{"rendered":"<p>Der 6. Landtag von Schleswig-Holstein debattiert vom 12.&nbsp;&#8211;&nbsp;14.&nbsp;Dezember auch \u00fcber eine von SPD, Gr\u00fcnen und Schleswig-Holsteinischem W\u00e4hlerverbund&nbsp;(SSW) geforderte Bundesratsinitiative, die die Erstellung eines Nationalen Diabetesplans zum Ziel hat. Dieser soll ein umfassendes Diabetes-Register sowie ein Versorgungskonzept beinhalten, das Pr\u00e4ventionsma\u00dfnahmen, Fr\u00fcherkennungskompetenzen, Behandlungsinitiativen und die St\u00e4rkung der Selbsthilfe einschlie\u00dft. <a href=\"https:\/\/www.diabsite.de\/aktuelles\/nachrichten\/2012\/121213.html\" target=\"_blank\" class=\"ds\" title=\"zur Nachricht (neues Fenster)\">Nachricht lesen<\/a><\/p>\n","protected":false},"excerpt":{"rendered":"<p>Der 6. Landtag von Schleswig-Holstein debattiert vom 12.&nbsp;&#8211;&nbsp;14.&nbsp;Dezember auch \u00fcber eine von SPD, Gr\u00fcnen und Schleswig-Holsteinischem W\u00e4hlerverbund&nbsp;(SSW) geforderte Bundesratsinitiative, die die Erstellung eines Nationalen Diabetesplans zum Ziel hat. Dieser soll ein umfassendes Diabetes-Register sowie ein Versorgungskonzept beinhalten, das Pr\u00e4ventionsma\u00dfnahmen, Fr\u00fcherkennungskompetenzen, Behandlungsinitiativen und die St\u00e4rkung der Selbsthilfe einschlie\u00dft. Nachricht lesen<\/p>\n","protected":false},"author":4,"featured_media":0,"comment_status":"open","ping_status":"closed","sticky":false,"template":"","format":"standard","meta":{"footnotes":""},"categories":[2],"tags":[1401,1402],"_links":{"self":[{"href":"https:\/\/www.diabsite.de\/diabetes-weblog\/wp-json\/wp\/v2\/posts\/22833"}],"collection":[{"href":"https:\/\/www.diabsite.de\/diabetes-weblog\/wp-json\/wp\/v2\/posts"}],"about":[{"href":"https:\/\/www.diabsite.de\/diabetes-weblog\/wp-json\/wp\/v2\/types\/post"}],"author":[{"embeddable":true,"href":"https:\/\/www.diabsite.de\/diabetes-weblog\/wp-json\/wp\/v2\/users\/4"}],"replies":[{"embeddable":true,"href":"https:\/\/www.diabsite.de\/diabetes-weblog\/wp-json\/wp\/v2\/comments?post=22833"}],"version-history":[{"count":6,"href":"https:\/\/www.diabsite.de\/diabetes-weblog\/wp-json\/wp\/v2\/posts\/22833\/revisions"}],"predecessor-version":[{"id":22844,"href":"https:\/\/www.diabsite.de\/diabetes-weblog\/wp-json\/wp\/v2\/posts\/22833\/revisions\/22844"}],"wp:attachment":[{"href":"https:\/\/www.diabsite.de\/diabetes-weblog\/wp-json\/wp\/v2\/media?parent=22833"}],"wp:term":[{"taxonomy":"category","embeddable":true,"href":"https:\/\/www.diabsite.de\/diabetes-weblog\/wp-json\/wp\/v2\/categories?post=22833"},{"taxonomy":"post_tag","embeddable":true,"href":"https:\/\/www.diabsite.de\/diabetes-weblog\/wp-json\/wp\/v2\/tags?post=22833"}],"curies":[{"name":"wp","href":"https:\/\/api.w.org\/{rel}","templated":true}]}}