{"id":22761,"date":"2012-12-08T21:01:46","date_gmt":"2012-12-08T20:01:46","guid":{"rendered":"http:\/\/www.diabsite.de\/diabetes-weblog\/?p=22761"},"modified":"2014-12-07T12:17:53","modified_gmt":"2014-12-07T11:17:53","slug":"diabetiker-sollten-in-der-adventszeit-auch-mal-an-sich-selbst-denken-7","status":"publish","type":"post","link":"https:\/\/www.diabsite.de\/diabetes-weblog\/2012\/12\/08\/diabetiker-sollten-in-der-adventszeit-auch-mal-an-sich-selbst-denken-7\/","title":{"rendered":"Diabetiker sollten in der Adventszeit auch mal an sich selbst denken"},"content":{"rendered":"<p>Jetzt ist der Terminkalender randvoll. Weihnachtsfeiern, Vorbereitungen f\u00fcrs Fest und all die Dinge, die vor Jahresfrist zu erledigen sind, stehen in diesen Tagen an, weil viele Unternehmen und Arztpraxen zwischen den Jahren geschlossen haben. Diabetiker sollten dennoch hin und wieder Zeit f\u00fcr sich selbst einplanen und \u00fcber dem Stress ihren Diabetes nicht vernachl\u00e4ssigen. Wo ginge dies besser, als mit anderen Diabetikern oder Diabetes-Interessierten &#8211; bei einem gem\u00fctlichen Beisammensein, einer Weihnachtsfeier oder einer Informationsveranstaltung? Der <a href=\"https:\/\/www.diabsite.de\/aktuelles\/termine\/index.html\" target=\"_blank\" class=\"ds\" title=\"neues Fenster\">DiabSite Diabetes-Kalender<\/a> sagt Ihnen, welche Treffen wann, wo und zu welchem Thema stattfinden. Zum Beispiel:<\/p>\n<p>&#8211; 15.12.2012 &#8211; <strong>Bruchsal<\/strong> &#8211; Weihnachtsfeier des Diabetiker-Treffs Bruchsal<br \/>\n&#8211; 17.01.2013 &#8211; <strong>Oberursel<\/strong> &#8211; Herzgesunde Ern\u00e4hrung bei Diabetes<br \/>\n&#8211; 14.02.2013 &#8211; <strong>Dingolfing<\/strong> &#8211; Kegelabend<\/p>\n<p>Sie w\u00fcrden gern einen Termin ank\u00fcndigen, der f\u00fcr Menschen mit Diabetes interessant sein k\u00f6nnte? Nutzen Sie unser <a href=\"https:\/\/www.diabsite.de\/aktuelles\/termine\/termin-eintragen.html\" target=\"_blank\" class=\"ds\" title=\"neues Fenster\">Formular<\/a>! Gerne nehmen wir Ihre Veranstaltungen in unseren Diabetes-Kalender auf. Wir freuen uns sehr, wenn Diabetiker-Selbsthilfegruppen ihr Programm f\u00fcr 2013 schon jetzt an die DiabSite schicken.<\/p>\n","protected":false},"excerpt":{"rendered":"<p>Jetzt ist der Terminkalender randvoll. Weihnachtsfeiern, Vorbereitungen f\u00fcrs Fest und all die Dinge, die vor Jahresfrist zu erledigen sind, stehen in diesen Tagen an, weil viele Unternehmen und Arztpraxen zwischen den Jahren geschlossen haben. Diabetiker sollten dennoch hin und wieder Zeit f\u00fcr sich selbst einplanen und \u00fcber dem Stress ihren Diabetes nicht vernachl\u00e4ssigen. Wo ginge [&hellip;]<\/p>\n","protected":false},"author":4,"featured_media":0,"comment_status":"open","ping_status":"closed","sticky":false,"template":"","format":"standard","meta":{"footnotes":""},"categories":[1],"tags":[1370,1382,106,30,292,1381],"_links":{"self":[{"href":"https:\/\/www.diabsite.de\/diabetes-weblog\/wp-json\/wp\/v2\/posts\/22761"}],"collection":[{"href":"https:\/\/www.diabsite.de\/diabetes-weblog\/wp-json\/wp\/v2\/posts"}],"about":[{"href":"https:\/\/www.diabsite.de\/diabetes-weblog\/wp-json\/wp\/v2\/types\/post"}],"author":[{"embeddable":true,"href":"https:\/\/www.diabsite.de\/diabetes-weblog\/wp-json\/wp\/v2\/users\/4"}],"replies":[{"embeddable":true,"href":"https:\/\/www.diabsite.de\/diabetes-weblog\/wp-json\/wp\/v2\/comments?post=22761"}],"version-history":[{"count":10,"href":"https:\/\/www.diabsite.de\/diabetes-weblog\/wp-json\/wp\/v2\/posts\/22761\/revisions"}],"predecessor-version":[{"id":33015,"href":"https:\/\/www.diabsite.de\/diabetes-weblog\/wp-json\/wp\/v2\/posts\/22761\/revisions\/33015"}],"wp:attachment":[{"href":"https:\/\/www.diabsite.de\/diabetes-weblog\/wp-json\/wp\/v2\/media?parent=22761"}],"wp:term":[{"taxonomy":"category","embeddable":true,"href":"https:\/\/www.diabsite.de\/diabetes-weblog\/wp-json\/wp\/v2\/categories?post=22761"},{"taxonomy":"post_tag","embeddable":true,"href":"https:\/\/www.diabsite.de\/diabetes-weblog\/wp-json\/wp\/v2\/tags?post=22761"}],"curies":[{"name":"wp","href":"https:\/\/api.w.org\/{rel}","templated":true}]}}