{"id":2270,"date":"2008-01-19T20:24:06","date_gmt":"2008-01-19T19:24:06","guid":{"rendered":"http:\/\/www.diabsite.de\/diabetes-weblog\/2008\/01\/19\/windisch-schlussel-ist-starkung-der-landesverbande\/"},"modified":"2008-01-19T23:10:29","modified_gmt":"2008-01-19T22:10:29","slug":"windisch-schlussel-ist-starkung-der-landesverbande","status":"publish","type":"post","link":"https:\/\/www.diabsite.de\/diabetes-weblog\/2008\/01\/19\/windisch-schlussel-ist-starkung-der-landesverbande\/","title":{"rendered":"Windisch: Schl\u00fcssel ist St\u00e4rkung der Landesverb\u00e4nde"},"content":{"rendered":"<p><a href=\"https:\/\/www.diabetes-radio.de\/\" target=\"_blank\"><img loading=\"lazy\" decoding=\"async\" class=\"alignright\" src=\"https:\/\/www.diabsite.de\/diabetes-weblog\/wp-content\/themes\/diabsite\/images\/diabetes-radio.gif\" width=\"100\" height=\"100\" alt=\"DiabSite Diabetes-Radio\" title=\"DiabSite Diabetes-Radio\" \/><\/a> Wie bereits mehrfach berichtet, hat der Deutsche Diabetiker Bund seit nunmehr 20&nbsp;Tagen einen neuen Vorstand. Mit Heinz Windisch hat sich der DDB einen Mann an die Spitze geholt, der selbst kein Diabetiker, daf\u00fcr aber bereits seit vielen Jahren <a href=\"https:\/\/www.diabetes-radio.de\/2008\/01\/19\/windisch-schlussel-ist-starkung-der-landesverbande\/\" title=\"zum Interview im DiabSite Diabetes-Radio\" target=\"_blank\"><img loading=\"lazy\" decoding=\"async\" class=\"alignleft\" src=\"https:\/\/www.diabsite.de\/diabetes-weblog\/wp-content\/themes\/diabsite\/images\/080119-windisch.jpg\" width=\"120\" height=\"172\" alt=\"Heinz Windisch\" title=\"Heinz Windisch\" \/><\/a> ehrenamtlich als Pr\u00e4sident des Verbands der Krankenversicherten Deutschlands&nbsp;(VKVD) t\u00e4tig und zudem&nbsp;&#8211; im Gegensatz zu seinen Vorg\u00e4ngern&nbsp;&#8211; auch noch berufst\u00e4tig ist. Dies f\u00fcr ein Unternehmen, das unter anderem Blutzuckermessger\u00e4te vertreibt. Wie der geb\u00fcrtige Heidelberger, der heute in der N\u00e4he von Dresden zuhause ist, diese T\u00e4tigkeiten wie auch die verschiedenen Landesverb\u00e4nde des DDB unter einen Hut bringen will, erl\u00e4utert er heute im Interview mit  DiabSite Diabetes-Radio. <a href=\"https:\/\/www.diabetes-radio.de\/2008\/01\/19\/windisch-schlussel-ist-starkung-der-landesverbande\/\" title=\"zum Podcast\" target=\"_blank\">Podcast-Episode anh\u00f6ren<\/a><\/p>\n","protected":false},"excerpt":{"rendered":"<p>Wie bereits mehrfach berichtet, hat der Deutsche Diabetiker Bund seit nunmehr 20&nbsp;Tagen einen neuen Vorstand. Mit Heinz Windisch hat sich der DDB einen Mann an die Spitze geholt, der selbst kein Diabetiker, daf\u00fcr aber bereits seit vielen Jahren ehrenamtlich als Pr\u00e4sident des Verbands der Krankenversicherten Deutschlands&nbsp;(VKVD) t\u00e4tig und zudem&nbsp;&#8211; im Gegensatz zu seinen Vorg\u00e4ngern&nbsp;&#8211; auch [&hellip;]<\/p>\n","protected":false},"author":4,"featured_media":0,"comment_status":"closed","ping_status":"open","sticky":false,"template":"","format":"standard","meta":{"footnotes":""},"categories":[4],"tags":[],"_links":{"self":[{"href":"https:\/\/www.diabsite.de\/diabetes-weblog\/wp-json\/wp\/v2\/posts\/2270"}],"collection":[{"href":"https:\/\/www.diabsite.de\/diabetes-weblog\/wp-json\/wp\/v2\/posts"}],"about":[{"href":"https:\/\/www.diabsite.de\/diabetes-weblog\/wp-json\/wp\/v2\/types\/post"}],"author":[{"embeddable":true,"href":"https:\/\/www.diabsite.de\/diabetes-weblog\/wp-json\/wp\/v2\/users\/4"}],"replies":[{"embeddable":true,"href":"https:\/\/www.diabsite.de\/diabetes-weblog\/wp-json\/wp\/v2\/comments?post=2270"}],"version-history":[{"count":0,"href":"https:\/\/www.diabsite.de\/diabetes-weblog\/wp-json\/wp\/v2\/posts\/2270\/revisions"}],"wp:attachment":[{"href":"https:\/\/www.diabsite.de\/diabetes-weblog\/wp-json\/wp\/v2\/media?parent=2270"}],"wp:term":[{"taxonomy":"category","embeddable":true,"href":"https:\/\/www.diabsite.de\/diabetes-weblog\/wp-json\/wp\/v2\/categories?post=2270"},{"taxonomy":"post_tag","embeddable":true,"href":"https:\/\/www.diabsite.de\/diabetes-weblog\/wp-json\/wp\/v2\/tags?post=2270"}],"curies":[{"name":"wp","href":"https:\/\/api.w.org\/{rel}","templated":true}]}}