{"id":2243,"date":"2008-01-07T18:27:33","date_gmt":"2008-01-07T17:27:33","guid":{"rendered":"http:\/\/www.diabsite.de\/diabetes-weblog\/2008\/01\/07\/ehemaliger-ddb-bundesvorsitzender-zu-den-grunden-seines-rucktritts\/"},"modified":"2008-01-09T21:54:05","modified_gmt":"2008-01-09T20:54:05","slug":"ehemaliger-ddb-bundesvorsitzender-zu-den-grunden-seines-rucktritts","status":"publish","type":"post","link":"https:\/\/www.diabsite.de\/diabetes-weblog\/2008\/01\/07\/ehemaliger-ddb-bundesvorsitzender-zu-den-grunden-seines-rucktritts\/","title":{"rendered":"Ehemaliger DDB-Bundesvorsitzender zu den Gr\u00fcnden seines R\u00fccktritts"},"content":{"rendered":"<p><a href=\"https:\/\/www.diabetes-radio.de\/\" target=\"_blank\"><img loading=\"lazy\" decoding=\"async\" class=\"alignright\" src=\"https:\/\/www.diabsite.de\/diabetes-weblog\/wp-content\/themes\/diabsite\/images\/diabetes-radio.gif\" width=\"100\" height=\"100\" alt=\"DiabSite Diabetes-Radio\" title=\"DiabSite Diabetes-Radio\" \/><\/a> Nach wochenlangen Querelen im Deutschen Diabetiker Bund (DDB) trat der DDB-Bundesvorstand am 29.&nbsp;Dezember 2007 im Rahmen einer au\u00dferordentlichen Bundesdelegiertenversammlung geschlossen zur\u00fcck. Ein neuer Vorstand wurde gew\u00e4hlt. Im Interview mit Diabetes-Radio erkl\u00e4rt der ehemalige Bundesvorsitzende <a href=\"https:\/\/www.diabetes-radio.de\/2008\/01\/07\/\" title=\"zum Interview im DiabSite Diabetes-Radio\" target=\"_blank\"><img loading=\"lazy\" decoding=\"async\" class=\"alignleft\" src=\"https:\/\/www.diabsite.de\/diabetes-weblog\/wp-content\/themes\/diabsite\/images\/080107-woelfert.jpg\" width=\"120\" height=\"172\" alt=\"Manfred W\u00f6lfert\" title=\"Manfred W\u00f6lfert\" \/><\/a> Manfred W\u00f6lfert, warum er keine Basis mehr f\u00fcr eine vertrauensvolle Zusammenarbeit mit den DDB-Landesverb\u00e4nden sah und sein Amt niederlegte. Doch Herr W\u00f6lfert wird sich, wie er im Telefon-Interview mit DiabSite Redakteurin Helga Uphoff betont, als Vizepr\u00e4sident der Deutschen Diabetes-Union (DDU) und Kuratoriumsmitglied der Deutschen Diabetes-Stiftung (DDS) nat\u00fcrlich auch k\u00fcnftig f\u00fcr Menschen mit Diabetes einsetzen. Im DiabSite Diabetes-Radio h\u00f6ren Sie, was der ehemalige Sparkassendirektor und DDB-Vorsitzende noch zu sagen hat. <a href=\"https:\/\/www.diabetes-radio.de\/2008\/01\/07\/\" title=\"zum Podcast\" target=\"_blank\">Podcast-Episode anh\u00f6ren<\/a><\/p>\n","protected":false},"excerpt":{"rendered":"<p>Nach wochenlangen Querelen im Deutschen Diabetiker Bund (DDB) trat der DDB-Bundesvorstand am 29.&nbsp;Dezember 2007 im Rahmen einer au\u00dferordentlichen Bundesdelegiertenversammlung geschlossen zur\u00fcck. Ein neuer Vorstand wurde gew\u00e4hlt. Im Interview mit Diabetes-Radio erkl\u00e4rt der ehemalige Bundesvorsitzende Manfred W\u00f6lfert, warum er keine Basis mehr f\u00fcr eine vertrauensvolle Zusammenarbeit mit den DDB-Landesverb\u00e4nden sah und sein Amt niederlegte. Doch Herr [&hellip;]<\/p>\n","protected":false},"author":4,"featured_media":0,"comment_status":"closed","ping_status":"open","sticky":false,"template":"","format":"standard","meta":{"footnotes":""},"categories":[4],"tags":[],"_links":{"self":[{"href":"https:\/\/www.diabsite.de\/diabetes-weblog\/wp-json\/wp\/v2\/posts\/2243"}],"collection":[{"href":"https:\/\/www.diabsite.de\/diabetes-weblog\/wp-json\/wp\/v2\/posts"}],"about":[{"href":"https:\/\/www.diabsite.de\/diabetes-weblog\/wp-json\/wp\/v2\/types\/post"}],"author":[{"embeddable":true,"href":"https:\/\/www.diabsite.de\/diabetes-weblog\/wp-json\/wp\/v2\/users\/4"}],"replies":[{"embeddable":true,"href":"https:\/\/www.diabsite.de\/diabetes-weblog\/wp-json\/wp\/v2\/comments?post=2243"}],"version-history":[{"count":0,"href":"https:\/\/www.diabsite.de\/diabetes-weblog\/wp-json\/wp\/v2\/posts\/2243\/revisions"}],"wp:attachment":[{"href":"https:\/\/www.diabsite.de\/diabetes-weblog\/wp-json\/wp\/v2\/media?parent=2243"}],"wp:term":[{"taxonomy":"category","embeddable":true,"href":"https:\/\/www.diabsite.de\/diabetes-weblog\/wp-json\/wp\/v2\/categories?post=2243"},{"taxonomy":"post_tag","embeddable":true,"href":"https:\/\/www.diabsite.de\/diabetes-weblog\/wp-json\/wp\/v2\/tags?post=2243"}],"curies":[{"name":"wp","href":"https:\/\/api.w.org\/{rel}","templated":true}]}}