{"id":2137,"date":"2007-11-21T18:48:08","date_gmt":"2007-11-21T17:48:08","guid":{"rendered":"http:\/\/www.diabsite.de\/diabetes-weblog\/2007\/11\/21\/diabsite-diabetes-newsletters-zum-weltdiabetestag-online\/"},"modified":"2007-11-26T13:00:33","modified_gmt":"2007-11-26T12:00:33","slug":"diabsite-diabetes-newsletters-zum-weltdiabetestag-online","status":"publish","type":"post","link":"https:\/\/www.diabsite.de\/diabetes-weblog\/2007\/11\/21\/diabsite-diabetes-newsletters-zum-weltdiabetestag-online\/","title":{"rendered":"DiabSite-Diabetes-Newsletter zum Weltdiabetestag online"},"content":{"rendered":"<p>Das Motto des Weltdiabetestages 2007 &#8222;Diabetes bei Kindern und Jugendlichen&#8220; war auch das Schwerpunktthema des informativen Diabetes-Newsletters, den das unabh\u00e4ngige Diabetes-Portal DiabSite zum Weltdiabetestag verschickte. Er enth\u00e4lt neben unz\u00e4hligen Nachrichten zum Thema Hinweise zu interessanten Beitr\u00e4gen auf der DiabSite und einem thematisch passenden Interview im DiabSite Diabetes-Radio. Au\u00dferdem reflektiert die DiabSite-Redaktion \u00fcber ihre Zeit vor dem Weltdiabetestag. Wollen auch Sie wie mehr als 2.580&nbsp;Abonnenten den kostenlosen DiabSite-Newsletter k\u00fcnftig fr\u00fcher per E-Mail erhalten? Hier geht&#8217;s zur <a href=\"https:\/\/www.diabsite.de\/aktuelles\/newsletter\/index.html\" target=\"_blank\">Anmeldung<\/a>! Etwa zweimal im Monat informiert der aktuelle <a href=\"https:\/\/www.diabsite.de\/aktuelles\/newsletter\/nl-0720.html\" target=\"_blank\">Newsletter<\/a> der DiabSite \u00fcber Neuigkeiten aus der Diabeteswelt und vom Diabetes-Portal DiabSite.<\/p>\n","protected":false},"excerpt":{"rendered":"<p>Das Motto des Weltdiabetestages 2007 &#8222;Diabetes bei Kindern und Jugendlichen&#8220; war auch das Schwerpunktthema des informativen Diabetes-Newsletters, den das unabh\u00e4ngige Diabetes-Portal DiabSite zum Weltdiabetestag verschickte. Er enth\u00e4lt neben unz\u00e4hligen Nachrichten zum Thema Hinweise zu interessanten Beitr\u00e4gen auf der DiabSite und einem thematisch passenden Interview im DiabSite Diabetes-Radio. Au\u00dferdem reflektiert die DiabSite-Redaktion \u00fcber ihre Zeit vor [&hellip;]<\/p>\n","protected":false},"author":4,"featured_media":0,"comment_status":"closed","ping_status":"open","sticky":false,"template":"","format":"standard","meta":{"footnotes":""},"categories":[1],"tags":[],"_links":{"self":[{"href":"https:\/\/www.diabsite.de\/diabetes-weblog\/wp-json\/wp\/v2\/posts\/2137"}],"collection":[{"href":"https:\/\/www.diabsite.de\/diabetes-weblog\/wp-json\/wp\/v2\/posts"}],"about":[{"href":"https:\/\/www.diabsite.de\/diabetes-weblog\/wp-json\/wp\/v2\/types\/post"}],"author":[{"embeddable":true,"href":"https:\/\/www.diabsite.de\/diabetes-weblog\/wp-json\/wp\/v2\/users\/4"}],"replies":[{"embeddable":true,"href":"https:\/\/www.diabsite.de\/diabetes-weblog\/wp-json\/wp\/v2\/comments?post=2137"}],"version-history":[{"count":0,"href":"https:\/\/www.diabsite.de\/diabetes-weblog\/wp-json\/wp\/v2\/posts\/2137\/revisions"}],"wp:attachment":[{"href":"https:\/\/www.diabsite.de\/diabetes-weblog\/wp-json\/wp\/v2\/media?parent=2137"}],"wp:term":[{"taxonomy":"category","embeddable":true,"href":"https:\/\/www.diabsite.de\/diabetes-weblog\/wp-json\/wp\/v2\/categories?post=2137"},{"taxonomy":"post_tag","embeddable":true,"href":"https:\/\/www.diabsite.de\/diabetes-weblog\/wp-json\/wp\/v2\/tags?post=2137"}],"curies":[{"name":"wp","href":"https:\/\/api.w.org\/{rel}","templated":true}]}}