{"id":2115,"date":"2007-11-14T08:53:37","date_gmt":"2007-11-14T07:53:37","guid":{"rendered":"http:\/\/www.diabsite.de\/diabetes-weblog\/2007\/11\/14\/weltdiabetestag-2007-was-bedeutet-die-diagnose-diabetes-fur-junge-diabetiker-heute\/"},"modified":"2017-06-13T11:43:01","modified_gmt":"2017-06-13T09:43:01","slug":"weltdiabetestag-2007-was-bedeutet-die-diagnose-diabetes-fur-junge-diabetiker-heute","status":"publish","type":"post","link":"https:\/\/www.diabsite.de\/diabetes-weblog\/2007\/11\/14\/weltdiabetestag-2007-was-bedeutet-die-diagnose-diabetes-fur-junge-diabetiker-heute\/","title":{"rendered":"Weltdiabetestag 2007: Was bedeutet die Diagnose Diabetes f\u00fcr junge Diabetiker heute?"},"content":{"rendered":"<p><a href=\"https:\/\/www.diabetes-radio.de\/\" target=\"_blank\"><img loading=\"lazy\" decoding=\"async\" class=\"alignright\" src=\"https:\/\/www.diabsite.de\/diabetes-weblog\/wp-content\/themes\/diabsite\/images\/diabetes-radio.gif\" width=\"100\" height=\"100\" alt=\"DiabSite Diabetes-Radio\" title=\"DiabSite Diabetes-Radio\" \/><\/a> Heute ist Weltdiabetestag&nbsp;&#8211; die gr\u00f6\u00dfte und bedeutendste Aufkl\u00e4rungskampagne der Diabeteswelt, bei der es in diesem Jahr speziell um Kinder und Jugendliche mit Diabetes geht. Denn obwohl der Diabetes&nbsp;&#8211; Typ&nbsp;1 ebenso wie Typ&nbsp;2&nbsp;&#8211; weltweit auch bei Kindern auf dem Vormarsch ist, wird er h\u00e4ufig auch heute noch als Krankheit wahrgenommen, die ausschlie\u00dflich bei \u00e4lteren Menschen auftritt. <a href=\"https:\/\/www.diabetes-radio.de\/2007\/11\/14\/\" target=\"_blank\"><img loading=\"lazy\" decoding=\"async\" class=\"alignleft\" src=\"https:\/\/www.diabsite.de\/diabetes-weblog\/wp-content\/themes\/diabsite\/images\/071114-burger.jpg\" width=\"120\" height=\"163\" alt=\"Prof. Dr. med. Walter Burger\" title=\"Prof. Dr. med. Walter Burger\"\/><\/a> Dieser Irrglaube, so ist auch unser heutiger Gespr\u00e4chspartner&nbsp;&#8211; Prof.&nbsp;Dr.&nbsp;med. Walter Burger&nbsp;&#8211; \u00fcberzeugt, f\u00fchrt unter anderem dazu, dass der Diabetes noch heute bei etwa 25&nbsp;Prozent der Kinder und Jugendlichen sehr sp\u00e4t diagnostiziert wird. Das, so der Leiter des Diabeteszentrums f\u00fcr Kinder und Jugendliche an den DRK&nbsp;Kliniken Berlin, m\u00fcsste nicht sein, wenn denn die Symptome allgemein besser bekannt w\u00e4ren und schneller erkannt w\u00fcrden. Dar\u00fcber hinaus erl\u00e4utert der Kinderdiabetologe, worauf es auch nach der Diagnose ankommt, damit die kleinen Typ-1- und Typ-2-Diabetiker m\u00f6glichst optimal betreut werden. <a href=\"https:\/\/www.diabetes-radio.de\/2007\/11\/14\/\" title=\"zum Podcast\" target=\"_blank\">Podcast-Episode anh\u00f6ren<\/a><\/p>\n","protected":false},"excerpt":{"rendered":"<p>Heute ist Weltdiabetestag&nbsp;&#8211; die gr\u00f6\u00dfte und bedeutendste Aufkl\u00e4rungskampagne der Diabeteswelt, bei der es in diesem Jahr speziell um Kinder und Jugendliche mit Diabetes geht. Denn obwohl der Diabetes&nbsp;&#8211; Typ&nbsp;1 ebenso wie Typ&nbsp;2&nbsp;&#8211; weltweit auch bei Kindern auf dem Vormarsch ist, wird er h\u00e4ufig auch heute noch als Krankheit wahrgenommen, die ausschlie\u00dflich bei \u00e4lteren Menschen auftritt. [&hellip;]<\/p>\n","protected":false},"author":4,"featured_media":0,"comment_status":"closed","ping_status":"open","sticky":false,"template":"","format":"standard","meta":{"footnotes":""},"categories":[4],"tags":[],"_links":{"self":[{"href":"https:\/\/www.diabsite.de\/diabetes-weblog\/wp-json\/wp\/v2\/posts\/2115"}],"collection":[{"href":"https:\/\/www.diabsite.de\/diabetes-weblog\/wp-json\/wp\/v2\/posts"}],"about":[{"href":"https:\/\/www.diabsite.de\/diabetes-weblog\/wp-json\/wp\/v2\/types\/post"}],"author":[{"embeddable":true,"href":"https:\/\/www.diabsite.de\/diabetes-weblog\/wp-json\/wp\/v2\/users\/4"}],"replies":[{"embeddable":true,"href":"https:\/\/www.diabsite.de\/diabetes-weblog\/wp-json\/wp\/v2\/comments?post=2115"}],"version-history":[{"count":1,"href":"https:\/\/www.diabsite.de\/diabetes-weblog\/wp-json\/wp\/v2\/posts\/2115\/revisions"}],"predecessor-version":[{"id":43403,"href":"https:\/\/www.diabsite.de\/diabetes-weblog\/wp-json\/wp\/v2\/posts\/2115\/revisions\/43403"}],"wp:attachment":[{"href":"https:\/\/www.diabsite.de\/diabetes-weblog\/wp-json\/wp\/v2\/media?parent=2115"}],"wp:term":[{"taxonomy":"category","embeddable":true,"href":"https:\/\/www.diabsite.de\/diabetes-weblog\/wp-json\/wp\/v2\/categories?post=2115"},{"taxonomy":"post_tag","embeddable":true,"href":"https:\/\/www.diabsite.de\/diabetes-weblog\/wp-json\/wp\/v2\/tags?post=2115"}],"curies":[{"name":"wp","href":"https:\/\/api.w.org\/{rel}","templated":true}]}}