{"id":2113,"date":"2007-11-14T09:41:45","date_gmt":"2007-11-14T08:41:45","guid":{"rendered":"http:\/\/www.diabsite.de\/diabetes-weblog\/2007\/11\/14\/heute-ist-weltdiabetestag-2\/"},"modified":"2017-06-13T11:43:28","modified_gmt":"2017-06-13T09:43:28","slug":"heute-ist-weltdiabetestag-2","status":"publish","type":"post","link":"https:\/\/www.diabsite.de\/diabetes-weblog\/2007\/11\/14\/heute-ist-weltdiabetestag-2\/","title":{"rendered":"Heute ist Weltdiabetestag"},"content":{"rendered":"<p><img loading=\"lazy\" decoding=\"async\" src=\"https:\/\/www.diabsite.de\/diabetes-weblog\/wp-content\/themes\/diabsite\/images\/weltdiabetestag-blau.jpg\" width=\"500\" height=\"191\" alt=\"Zum Weltdiabetestag erleuchten \u00fcber 225 Monumente in Blau\" title=\"Zum Weltdiabetestag erleuchten \u00fcber 225 Monumente in Blau\" \/> Vor dem Weltdiabetestag ging es dieses Jahr in der DiabSite-Redaktion besonders hei\u00df her: F\u00fcr die \u00fcbersetzte <a href=\"https:\/\/www.diabsite.de\/themen\/kinder\/aktionen\/idf-broschuere\/index.html\" target=\"_blank\" title=\"zu den Inhalten der IDF-Brosch\u00fcre\">Brosch\u00fcre<\/a> der Internationalen Diabetes-F\u00f6deration wurden bis zur letzten Sekunde Bilder gesucht, das <a target=\"_blank\" title=\"zum Interview mit Prof. Burger im DiabSite Diabetes-Radio\" href=\"https:\/\/www.diabetes-radio.de\/2007\/11\/14\/\">Interview<\/a> mit Prof.&nbsp;Burger im DiabSite Diabetes-Radio konnte gerade noch rechtzeitig fertig gestellt werden, die Nachrichten h\u00e4uften sich mehr als in den vergangenen Jahren und am sp\u00e4ten Abend kam uns noch der &#8222;leuchtende&#8220; Einfall. Irgendwie erinnert mich das an die Vorweihnachtszeit meiner Kindheit, wenn Kekse gebacken, Essen eingekauft, Geschenke gebastelt und schlie\u00dflich Baum und Tische geschm\u00fcckt wurden.<\/p>\n<p>Und nun ist er da&nbsp;\u2013 der Weltdiabetestag&nbsp;2007!<br \/>\nMit der Freude \u00fcber die vielen interessanten Diabetes-Artikel, die wir Ihnen, liebe DiabSite-Besucher, schenken k\u00f6nnen, erinnert uns auch das ein wenig an Weihnachten. Und obendrein erstrahlen heute weltweit mehr als <a target=\"_blank\" title=\"PDF-Dokument mit allen blau angestrahlten Bauwerken\" href=\"https:\/\/www.diabsite.de\/blaue-monumente.pdf\">225&nbsp;ber\u00fchmte Bauwerke und Pl\u00e4tze<\/a> in Blau, der Farbe des Diabeteskreises, dem weltweiten Symbol f\u00fcr Diabetes. So lassen auch wir die DiabSite heute blau leuchten&nbsp;&#8211; zu Ehren des heutigen Tages, der Millionen Menschen in mehr als 195&nbsp;L\u00e4ndern der Erde vereint, um den Diabetes in den Blickpunkt der \u00d6ffentlichkeit zu r\u00fccken.<\/p>\n<p>Wir w\u00fcnschen Ihnen einen sch\u00f6nen Weltdiabetestag!<\/p>\n<p>Ihr DiabSite-Team<\/p>\n","protected":false},"excerpt":{"rendered":"<p>Vor dem Weltdiabetestag ging es dieses Jahr in der DiabSite-Redaktion besonders hei\u00df her: F\u00fcr die \u00fcbersetzte Brosch\u00fcre der Internationalen Diabetes-F\u00f6deration wurden bis zur letzten Sekunde Bilder gesucht, das Interview mit Prof.&nbsp;Burger im DiabSite Diabetes-Radio konnte gerade noch rechtzeitig fertig gestellt werden, die Nachrichten h\u00e4uften sich mehr als in den vergangenen Jahren und am sp\u00e4ten Abend [&hellip;]<\/p>\n","protected":false},"author":4,"featured_media":0,"comment_status":"closed","ping_status":"open","sticky":false,"template":"","format":"standard","meta":{"footnotes":""},"categories":[1],"tags":[],"_links":{"self":[{"href":"https:\/\/www.diabsite.de\/diabetes-weblog\/wp-json\/wp\/v2\/posts\/2113"}],"collection":[{"href":"https:\/\/www.diabsite.de\/diabetes-weblog\/wp-json\/wp\/v2\/posts"}],"about":[{"href":"https:\/\/www.diabsite.de\/diabetes-weblog\/wp-json\/wp\/v2\/types\/post"}],"author":[{"embeddable":true,"href":"https:\/\/www.diabsite.de\/diabetes-weblog\/wp-json\/wp\/v2\/users\/4"}],"replies":[{"embeddable":true,"href":"https:\/\/www.diabsite.de\/diabetes-weblog\/wp-json\/wp\/v2\/comments?post=2113"}],"version-history":[{"count":3,"href":"https:\/\/www.diabsite.de\/diabetes-weblog\/wp-json\/wp\/v2\/posts\/2113\/revisions"}],"predecessor-version":[{"id":43404,"href":"https:\/\/www.diabsite.de\/diabetes-weblog\/wp-json\/wp\/v2\/posts\/2113\/revisions\/43404"}],"wp:attachment":[{"href":"https:\/\/www.diabsite.de\/diabetes-weblog\/wp-json\/wp\/v2\/media?parent=2113"}],"wp:term":[{"taxonomy":"category","embeddable":true,"href":"https:\/\/www.diabsite.de\/diabetes-weblog\/wp-json\/wp\/v2\/categories?post=2113"},{"taxonomy":"post_tag","embeddable":true,"href":"https:\/\/www.diabsite.de\/diabetes-weblog\/wp-json\/wp\/v2\/tags?post=2113"}],"curies":[{"name":"wp","href":"https:\/\/api.w.org\/{rel}","templated":true}]}}