{"id":2109,"date":"2007-11-13T20:49:11","date_gmt":"2007-11-13T19:49:11","guid":{"rendered":"http:\/\/www.diabsite.de\/diabetes-weblog\/2007\/11\/13\/mangel-an-biofaktoren-erhoht-herz-kreislauf-risiken-von-diabetikern\/"},"modified":"2007-11-13T20:50:24","modified_gmt":"2007-11-13T19:50:24","slug":"mangel-an-biofaktoren-erhoht-herz-kreislauf-risiken-von-diabetikern","status":"publish","type":"post","link":"https:\/\/www.diabsite.de\/diabetes-weblog\/2007\/11\/13\/mangel-an-biofaktoren-erhoht-herz-kreislauf-risiken-von-diabetikern\/","title":{"rendered":"Mangel an Biofaktoren erh\u00f6ht Herz-Kreislauf-Risiken von Diabetikern"},"content":{"rendered":"<p>Ein Mangel an lebensnotwendigen Vitaminen und Mineralstoffen sollte als Risikofaktor f\u00fcr Herz-Kreislauf-Erkrankungen nicht untersch\u00e4tzt werden. Menschen mit Diabetes sind von dieser Problematik in besonderem Ma\u00dfe betroffen. Darauf weist die Gesellschaft f\u00fcr Biofaktoren&nbsp;e.V. anl\u00e4sslich des Welt-Diabetestags am 14.11.07 hin. <a href=\"https:\/\/www.diabsite.de\/aktuelles\/nachrichten\/2007\/071113d.html\" title=\"zur Nachricht\" target=\"_blank\">Nachricht lesen<\/a><\/p>\n","protected":false},"excerpt":{"rendered":"<p>Ein Mangel an lebensnotwendigen Vitaminen und Mineralstoffen sollte als Risikofaktor f\u00fcr Herz-Kreislauf-Erkrankungen nicht untersch\u00e4tzt werden. Menschen mit Diabetes sind von dieser Problematik in besonderem Ma\u00dfe betroffen. Darauf weist die Gesellschaft f\u00fcr Biofaktoren&nbsp;e.V. anl\u00e4sslich des Welt-Diabetestags am 14.11.07 hin. Nachricht lesen<\/p>\n","protected":false},"author":4,"featured_media":0,"comment_status":"closed","ping_status":"open","sticky":false,"template":"","format":"standard","meta":{"footnotes":""},"categories":[2],"tags":[],"_links":{"self":[{"href":"https:\/\/www.diabsite.de\/diabetes-weblog\/wp-json\/wp\/v2\/posts\/2109"}],"collection":[{"href":"https:\/\/www.diabsite.de\/diabetes-weblog\/wp-json\/wp\/v2\/posts"}],"about":[{"href":"https:\/\/www.diabsite.de\/diabetes-weblog\/wp-json\/wp\/v2\/types\/post"}],"author":[{"embeddable":true,"href":"https:\/\/www.diabsite.de\/diabetes-weblog\/wp-json\/wp\/v2\/users\/4"}],"replies":[{"embeddable":true,"href":"https:\/\/www.diabsite.de\/diabetes-weblog\/wp-json\/wp\/v2\/comments?post=2109"}],"version-history":[{"count":0,"href":"https:\/\/www.diabsite.de\/diabetes-weblog\/wp-json\/wp\/v2\/posts\/2109\/revisions"}],"wp:attachment":[{"href":"https:\/\/www.diabsite.de\/diabetes-weblog\/wp-json\/wp\/v2\/media?parent=2109"}],"wp:term":[{"taxonomy":"category","embeddable":true,"href":"https:\/\/www.diabsite.de\/diabetes-weblog\/wp-json\/wp\/v2\/categories?post=2109"},{"taxonomy":"post_tag","embeddable":true,"href":"https:\/\/www.diabsite.de\/diabetes-weblog\/wp-json\/wp\/v2\/tags?post=2109"}],"curies":[{"name":"wp","href":"https:\/\/api.w.org\/{rel}","templated":true}]}}