{"id":2086,"date":"2007-11-08T18:51:44","date_gmt":"2007-11-08T17:51:44","guid":{"rendered":"http:\/\/www.diabsite.de\/diabetes-weblog\/2007\/11\/08\/diabetes-im-allter\/"},"modified":"2010-04-05T10:58:57","modified_gmt":"2010-04-05T08:58:57","slug":"diabetes-im-allter","status":"publish","type":"post","link":"https:\/\/www.diabsite.de\/diabetes-weblog\/2007\/11\/08\/diabetes-im-allter\/","title":{"rendered":"Diabetes im Alter"},"content":{"rendered":"<p><a href=\"https:\/\/www.diabetes-radio.de\/\" target=\"_blank\"><img loading=\"lazy\" decoding=\"async\" class=\"alignright\" src=\"https:\/\/www.diabsite.de\/diabetes-weblog\/wp-content\/themes\/diabsite\/images\/diabetes-radio.gif\" width=\"100\" height=\"100\" alt=\"DiabSite Diabetes-Radio\" title=\"DiabSite Diabetes-Radio\" \/><\/a> Eine Woche vor dem Weltdiabetestag unter dem Motto &#8222;Diabetes bei Kindern und Jugendlichen&#8220; m\u00f6chten wir heute unseren Blick auch einmal auf das andere Ende der Skala richten und ein Thema ansprechen, das leider h\u00e4ufig etwas &#8222;stiefm\u00fctterlich&#8220; behandelt wird: Diabetes bei \u00e4lteren und alten Menschen. Dass man dar\u00fcber verh\u00e4ltnism\u00e4\u00dfig wenig h\u00f6rt und liest, bedeutet jedoch zum Gl\u00fcck nicht, dass sich auf dem Gebiet nichts tut. Das hat DiabSite-Redakteurin Helga Uphoff von ihrem heutigen Interviewpartner, Dr.&nbsp;med.&nbsp;Andrej Zeyfang, Chefarzt der Abteilung f\u00fcr Innere Medizin und Geriatrie am Bethesda-Krankenhaus in Stuttgart und Leiter der <a href=\"http:\/\/www.diabetes-im-alter.de\/\" target=\"_blank\" class=\"radio\" title=\"neues Fenster\">Arbeitsgemeinschaft Diabetes und Geriatrie<\/a> der Deutschen Diabetes-Gesellschaft, erfahren. <a href=\"https:\/\/www.diabetes-radio.de\/2007\/11\/08\/\" target=\"_blank\"><img loading=\"lazy\" decoding=\"async\" class=\"alignleft\" src=\"https:\/\/www.diabsite.de\/diabetes-weblog\/wp-content\/themes\/diabsite\/images\/071108-zeyfang.jpg\" width=\"120\" height=\"179\" alt=\"Dr. med. Andrej Zeyfang\" title=\"Dr. med. Andrej Zeyfang\" \/><\/a> Erfreulicherweise gibt es inzwischen Projekte in Alten- und Pflegeheimen, z.B. in Baden-W\u00fcrttemberg, in denen Pflegekr\u00e4ften gr\u00f6\u00dfere Kompetenzen in Bezug auf die Insulinanpassung und Ern\u00e4hrung im Rahmen der Diabetes-Therapie einger\u00e4umt wird. Ma\u00dfgeblich beteiligt an den Bem\u00fchungen, Senioren mit Diabetes mehr Lebensqualit\u00e4t zu erhalten, ist auch der Arbeitskreis <a target=\"_blank\" href=\"http:\/\/www.fodial.de\/\">FoDiAl&nbsp;&#8211; Fortbildung Diabetes in der Altenpflege<\/a>, in dem \u00c4rzte, P\u00e4dagogen, Altenpfleger und Diabetesberater unter anderem ein strukturiertes Schulungsprogramm erarbeitet haben. <a href=\"https:\/\/www.diabetes-radio.de\/2007\/11\/08\/\" title=\"zum Podcast\" target=\"_blank\">Podcast-Episode anh\u00f6ren<\/a><\/p>\n","protected":false},"excerpt":{"rendered":"<p>Eine Woche vor dem Weltdiabetestag unter dem Motto &#8222;Diabetes bei Kindern und Jugendlichen&#8220; m\u00f6chten wir heute unseren Blick auch einmal auf das andere Ende der Skala richten und ein Thema ansprechen, das leider h\u00e4ufig etwas &#8222;stiefm\u00fctterlich&#8220; behandelt wird: Diabetes bei \u00e4lteren und alten Menschen. Dass man dar\u00fcber verh\u00e4ltnism\u00e4\u00dfig wenig h\u00f6rt und liest, bedeutet jedoch zum [&hellip;]<\/p>\n","protected":false},"author":4,"featured_media":0,"comment_status":"closed","ping_status":"open","sticky":false,"template":"","format":"standard","meta":{"footnotes":""},"categories":[4],"tags":[],"_links":{"self":[{"href":"https:\/\/www.diabsite.de\/diabetes-weblog\/wp-json\/wp\/v2\/posts\/2086"}],"collection":[{"href":"https:\/\/www.diabsite.de\/diabetes-weblog\/wp-json\/wp\/v2\/posts"}],"about":[{"href":"https:\/\/www.diabsite.de\/diabetes-weblog\/wp-json\/wp\/v2\/types\/post"}],"author":[{"embeddable":true,"href":"https:\/\/www.diabsite.de\/diabetes-weblog\/wp-json\/wp\/v2\/users\/4"}],"replies":[{"embeddable":true,"href":"https:\/\/www.diabsite.de\/diabetes-weblog\/wp-json\/wp\/v2\/comments?post=2086"}],"version-history":[{"count":3,"href":"https:\/\/www.diabsite.de\/diabetes-weblog\/wp-json\/wp\/v2\/posts\/2086\/revisions"}],"predecessor-version":[{"id":8407,"href":"https:\/\/www.diabsite.de\/diabetes-weblog\/wp-json\/wp\/v2\/posts\/2086\/revisions\/8407"}],"wp:attachment":[{"href":"https:\/\/www.diabsite.de\/diabetes-weblog\/wp-json\/wp\/v2\/media?parent=2086"}],"wp:term":[{"taxonomy":"category","embeddable":true,"href":"https:\/\/www.diabsite.de\/diabetes-weblog\/wp-json\/wp\/v2\/categories?post=2086"},{"taxonomy":"post_tag","embeddable":true,"href":"https:\/\/www.diabsite.de\/diabetes-weblog\/wp-json\/wp\/v2\/tags?post=2086"}],"curies":[{"name":"wp","href":"https:\/\/api.w.org\/{rel}","templated":true}]}}