{"id":1919,"date":"2007-08-30T20:14:40","date_gmt":"2007-08-30T18:14:40","guid":{"rendered":"http:\/\/www.diabsite.de\/diabetes-weblog\/2007\/08\/30\/ulla-schmidt-im-gesprach-mit-diabetes-radio\/"},"modified":"2007-09-02T11:43:49","modified_gmt":"2007-09-02T09:43:49","slug":"ulla-schmidt-im-gesprach-mit-diabetes-radio","status":"publish","type":"post","link":"https:\/\/www.diabsite.de\/diabetes-weblog\/2007\/08\/30\/ulla-schmidt-im-gesprach-mit-diabetes-radio\/","title":{"rendered":"Ulla Schmidt im Gespr\u00e4ch mit Diabetes-Radio"},"content":{"rendered":"<p><a href=\"https:\/\/www.diabetes-radio.de\/\" target=\"_blank\"><img loading=\"lazy\" decoding=\"async\" class=\"alignright\" src=\"https:\/\/www.diabsite.de\/diabetes-weblog\/wp-content\/themes\/diabsite\/images\/diabetes-radio.gif\" width=\"100\" height=\"100\" alt=\"Das DiabSite Diabetes-Radio\" title=\"Das DiabSite Diabetes-Radio\" \/><\/a> Am vergangenen Wochenende hatte die Bundesregierung ihren Tag der offenen T\u00fcr. In allen Ministerien&nbsp;&#8211; also auch im Gesundheitsministerium&nbsp;&#8211;<br \/>\n<a href=\"https:\/\/www.diabetes-radio.de\/2007\/08\/30\/ulla-schmidt-im-gesprach-mit-diabetes-radio\/\" target=\"_blank\"><img loading=\"lazy\" decoding=\"async\" class=\"alignleft\" src=\"https:\/\/www.diabsite.de\/diabetes-weblog\/wp-content\/themes\/diabsite\/images\/070830-ulla-schmidt.jpg\" width=\"120\" height=\"172\" alt=\"Bundesgesundheitsministerin Ulla Schmidt\" title=\"Bundesgesundheitsministerin Ulla Schmidt\" \/><\/a> konnten sich die B\u00fcrgerinnen und B\u00fcrger informieren. DiabSite-Redakteurin Helga Uphoff nutzte die Gelegenheit f\u00fcr ein spontanes Interview mit Bundesgesundheitsministerin Ulla Schmidt. Dabei ging es um die Vorteile der Gesundheitsreform f\u00fcr Diabetiker, die Unzufriedenheit der Deutschen mit ihrem Gesundheitssystem, die kurzwirksamen Insulin-Analoga und die Rabattvertr\u00e4ge zwischen Krankenkassen und Industrie. <a href=\"https:\/\/www.diabetes-radio.de\/2007\/08\/30\/ulla-schmidt-im-gesprach-mit-diabetes-radio\/\" title=\"zum Podcast\" target=\"_blank\">Podcast-Episode anh\u00f6ren<\/a><\/p>\n","protected":false},"excerpt":{"rendered":"<p>Am vergangenen Wochenende hatte die Bundesregierung ihren Tag der offenen T\u00fcr. In allen Ministerien&nbsp;&#8211; also auch im Gesundheitsministerium&nbsp;&#8211; konnten sich die B\u00fcrgerinnen und B\u00fcrger informieren. DiabSite-Redakteurin Helga Uphoff nutzte die Gelegenheit f\u00fcr ein spontanes Interview mit Bundesgesundheitsministerin Ulla Schmidt. Dabei ging es um die Vorteile der Gesundheitsreform f\u00fcr Diabetiker, die Unzufriedenheit der Deutschen mit ihrem [&hellip;]<\/p>\n","protected":false},"author":4,"featured_media":0,"comment_status":"closed","ping_status":"open","sticky":false,"template":"","format":"standard","meta":{"footnotes":""},"categories":[4],"tags":[],"_links":{"self":[{"href":"https:\/\/www.diabsite.de\/diabetes-weblog\/wp-json\/wp\/v2\/posts\/1919"}],"collection":[{"href":"https:\/\/www.diabsite.de\/diabetes-weblog\/wp-json\/wp\/v2\/posts"}],"about":[{"href":"https:\/\/www.diabsite.de\/diabetes-weblog\/wp-json\/wp\/v2\/types\/post"}],"author":[{"embeddable":true,"href":"https:\/\/www.diabsite.de\/diabetes-weblog\/wp-json\/wp\/v2\/users\/4"}],"replies":[{"embeddable":true,"href":"https:\/\/www.diabsite.de\/diabetes-weblog\/wp-json\/wp\/v2\/comments?post=1919"}],"version-history":[{"count":0,"href":"https:\/\/www.diabsite.de\/diabetes-weblog\/wp-json\/wp\/v2\/posts\/1919\/revisions"}],"wp:attachment":[{"href":"https:\/\/www.diabsite.de\/diabetes-weblog\/wp-json\/wp\/v2\/media?parent=1919"}],"wp:term":[{"taxonomy":"category","embeddable":true,"href":"https:\/\/www.diabsite.de\/diabetes-weblog\/wp-json\/wp\/v2\/categories?post=1919"},{"taxonomy":"post_tag","embeddable":true,"href":"https:\/\/www.diabsite.de\/diabetes-weblog\/wp-json\/wp\/v2\/tags?post=1919"}],"curies":[{"name":"wp","href":"https:\/\/api.w.org\/{rel}","templated":true}]}}