{"id":1882,"date":"2007-08-13T17:09:14","date_gmt":"2007-08-13T15:09:14","guid":{"rendered":"http:\/\/www.diabsite.de\/diabetes-weblog\/2007\/08\/13\/die-deutschen-sind-mit-ihrer-gesundheitsversorgung-besonders-unzufrieden\/"},"modified":"2007-08-13T17:09:14","modified_gmt":"2007-08-13T15:09:14","slug":"die-deutschen-sind-mit-ihrer-gesundheitsversorgung-besonders-unzufrieden","status":"publish","type":"post","link":"https:\/\/www.diabsite.de\/diabetes-weblog\/2007\/08\/13\/die-deutschen-sind-mit-ihrer-gesundheitsversorgung-besonders-unzufrieden\/","title":{"rendered":"Die Deutschen sind mit ihrer Gesundheitsversorgung besonders unzufrieden"},"content":{"rendered":"<p>In den meisten L\u00e4ndern der EU-15 ist die Zufriedenheit der B\u00fcrgerinnen und B\u00fcrger mit ihrem jeweiligen Gesundheitssystem seit Mitte der 90er Jahre drastisch gesunken. In Deutschland fiel der R\u00fcckgang \u00fcberdurchschnittlich aus. Lediglich \u00d6sterreich hob sich deutlich von dem negativen europ\u00e4ischen Trend ab. <a href=\"https:\/\/www.diabsite.de\/aktuelles\/nachrichten\/2007\/070813.html\" title=\"zur Nachricht\" target=\"_blank\">Nachricht lesen<\/a><\/p>\n","protected":false},"excerpt":{"rendered":"<p>In den meisten L\u00e4ndern der EU-15 ist die Zufriedenheit der B\u00fcrgerinnen und B\u00fcrger mit ihrem jeweiligen Gesundheitssystem seit Mitte der 90er Jahre drastisch gesunken. In Deutschland fiel der R\u00fcckgang \u00fcberdurchschnittlich aus. Lediglich \u00d6sterreich hob sich deutlich von dem negativen europ\u00e4ischen Trend ab. Nachricht lesen<\/p>\n","protected":false},"author":4,"featured_media":0,"comment_status":"closed","ping_status":"open","sticky":false,"template":"","format":"standard","meta":{"footnotes":""},"categories":[2],"tags":[],"_links":{"self":[{"href":"https:\/\/www.diabsite.de\/diabetes-weblog\/wp-json\/wp\/v2\/posts\/1882"}],"collection":[{"href":"https:\/\/www.diabsite.de\/diabetes-weblog\/wp-json\/wp\/v2\/posts"}],"about":[{"href":"https:\/\/www.diabsite.de\/diabetes-weblog\/wp-json\/wp\/v2\/types\/post"}],"author":[{"embeddable":true,"href":"https:\/\/www.diabsite.de\/diabetes-weblog\/wp-json\/wp\/v2\/users\/4"}],"replies":[{"embeddable":true,"href":"https:\/\/www.diabsite.de\/diabetes-weblog\/wp-json\/wp\/v2\/comments?post=1882"}],"version-history":[{"count":0,"href":"https:\/\/www.diabsite.de\/diabetes-weblog\/wp-json\/wp\/v2\/posts\/1882\/revisions"}],"wp:attachment":[{"href":"https:\/\/www.diabsite.de\/diabetes-weblog\/wp-json\/wp\/v2\/media?parent=1882"}],"wp:term":[{"taxonomy":"category","embeddable":true,"href":"https:\/\/www.diabsite.de\/diabetes-weblog\/wp-json\/wp\/v2\/categories?post=1882"},{"taxonomy":"post_tag","embeddable":true,"href":"https:\/\/www.diabsite.de\/diabetes-weblog\/wp-json\/wp\/v2\/tags?post=1882"}],"curies":[{"name":"wp","href":"https:\/\/api.w.org\/{rel}","templated":true}]}}