{"id":17835,"date":"2012-03-02T21:01:43","date_gmt":"2012-03-02T20:01:43","guid":{"rendered":"http:\/\/www.diabsite.de\/diabetes-weblog\/?p=17835"},"modified":"2012-03-09T13:33:51","modified_gmt":"2012-03-09T12:33:51","slug":"bvmed-gespraechskreis-praeventionskonferenz","status":"publish","type":"post","link":"https:\/\/www.diabsite.de\/diabetes-weblog\/2012\/03\/02\/bvmed-gespraechskreis-praeventionskonferenz\/","title":{"rendered":"BVMed-Gespr\u00e4chskreis: Singhammer schl\u00e4gt Nationale Pr\u00e4ventionskonferenz vor"},"content":{"rendered":"<p>Die Regierungskoalition wird in der verbleibenden Legislaturperiode das Thema &#8222;Pr\u00e4vention&#8220; aufgreifen. In der zweiten Jahresh\u00e4lfte&nbsp;2012 sei ein &#8222;Nationale Pr\u00e4ventionskonferenz&#8220; geplant, berichtete der CSU-Bundestagsabgeordnete Johannes Singhammer, stellvertretender Vorsitzender der CDU\/CSU-Bundestagsfraktion, auf dem &#8222;Gespr\u00e4chskreis Gesundheit&#8220; des BVMed am 29.&nbsp;Februar&nbsp;2012 in Berlin. <a href=\"https:\/\/www.diabsite.de\/aktuelles\/nachrichten\/2012\/120302c.html\" target=\"_blank\" class=\"ds\" title=\"zur Nachricht (neues Fenster)\">Nachricht lesen<\/a><\/p>\n","protected":false},"excerpt":{"rendered":"<p>Die Regierungskoalition wird in der verbleibenden Legislaturperiode das Thema &#8222;Pr\u00e4vention&#8220; aufgreifen. In der zweiten Jahresh\u00e4lfte&nbsp;2012 sei ein &#8222;Nationale Pr\u00e4ventionskonferenz&#8220; geplant, berichtete der CSU-Bundestagsabgeordnete Johannes Singhammer, stellvertretender Vorsitzender der CDU\/CSU-Bundestagsfraktion, auf dem &#8222;Gespr\u00e4chskreis Gesundheit&#8220; des BVMed am 29.&nbsp;Februar&nbsp;2012 in Berlin. Nachricht lesen<\/p>\n","protected":false},"author":4,"featured_media":0,"comment_status":"open","ping_status":"closed","sticky":false,"template":"","format":"standard","meta":{"footnotes":""},"categories":[2],"tags":[],"_links":{"self":[{"href":"https:\/\/www.diabsite.de\/diabetes-weblog\/wp-json\/wp\/v2\/posts\/17835"}],"collection":[{"href":"https:\/\/www.diabsite.de\/diabetes-weblog\/wp-json\/wp\/v2\/posts"}],"about":[{"href":"https:\/\/www.diabsite.de\/diabetes-weblog\/wp-json\/wp\/v2\/types\/post"}],"author":[{"embeddable":true,"href":"https:\/\/www.diabsite.de\/diabetes-weblog\/wp-json\/wp\/v2\/users\/4"}],"replies":[{"embeddable":true,"href":"https:\/\/www.diabsite.de\/diabetes-weblog\/wp-json\/wp\/v2\/comments?post=17835"}],"version-history":[{"count":2,"href":"https:\/\/www.diabsite.de\/diabetes-weblog\/wp-json\/wp\/v2\/posts\/17835\/revisions"}],"predecessor-version":[{"id":17837,"href":"https:\/\/www.diabsite.de\/diabetes-weblog\/wp-json\/wp\/v2\/posts\/17835\/revisions\/17837"}],"wp:attachment":[{"href":"https:\/\/www.diabsite.de\/diabetes-weblog\/wp-json\/wp\/v2\/media?parent=17835"}],"wp:term":[{"taxonomy":"category","embeddable":true,"href":"https:\/\/www.diabsite.de\/diabetes-weblog\/wp-json\/wp\/v2\/categories?post=17835"},{"taxonomy":"post_tag","embeddable":true,"href":"https:\/\/www.diabsite.de\/diabetes-weblog\/wp-json\/wp\/v2\/tags?post=17835"}],"curies":[{"name":"wp","href":"https:\/\/api.w.org\/{rel}","templated":true}]}}