{"id":17770,"date":"2012-03-08T10:16:42","date_gmt":"2012-03-08T09:16:42","guid":{"rendered":"http:\/\/www.diabsite.de\/diabetes-weblog\/?p=17770"},"modified":"2015-03-08T11:37:58","modified_gmt":"2015-03-08T10:37:58","slug":"gedanken-zum-internationalen-frauentag","status":"publish","type":"post","link":"https:\/\/www.diabsite.de\/diabetes-weblog\/2012\/03\/08\/gedanken-zum-internationalen-frauentag\/","title":{"rendered":"Gedanken zum Internationalen Frauentag"},"content":{"rendered":"<p><img loading=\"lazy\" decoding=\"async\" class=\"alignright\" src=\"https:\/\/www.diabsite.de\/diabetes-weblog\/wp-content\/images\/2012\/weltfrauentag-2012.jpg\" width=\"130\" height=\"106\" alt=\"Blumen zum Weltfrauentag\" \/> Heute ist Weltfrauentag. Nichts Wichtiges, oder? Ich nahm es wahr, als ich beim Fr\u00fchst\u00fcck Radio h\u00f6rte. Wie \u00fcblich wollte ich anschlie\u00dfend im Internet nach neuen Diabetes-Nachrichten suchen. Ganz unbewusst gab ich statt &#8222;Diabetes&#8220; den noch in meinem Kopf herumspukenden &#8222;Weltfrauentag&#8220; in die Suche ein und begann zu lesen.<\/p>\n<p>Die BILD titelt: <a href=\"http:\/\/www.bild.de\/news\/weltfrauentag\/weltfrauentag\/cover-it-live-frauentag-23047218.bild.html\" target=\"_blank\" class=\"extern\" title=\"neues Fenster\">&#8222;Bild.de wird heute nur von M\u00e4nnern gemacht&#8220;<\/a>. &#8222;So wollen wir selber sp\u00fcren, wo uns \u00fcberall Frauen fehlen&#8220;, erkl\u00e4rt der Untertitel. Dirk Benninghoff, Kommentator der Financial Times Deutschland, schreibt zum Weltfrauentag: <a href=\"http:\/\/www.ftd.de\/politik\/deutschland\/:zum-weltfrauentag-ohne-quote-keine-chefin\/70004931.html\" target=\"_blank\" class=\"extern\" title=\"neues Fenster\">&#8222;Ohne Quote keine Chefin&#8220;<\/a>. Er ist fest davon \u00fcberzeugt: &#8222;Deutschland braucht Spitzen-Frauen, Deutschland braucht die Frauenquote. Die Zeit der Freiwilligkeit ist abgelaufen &#8211; und Druck ist ohnehin das, was die Wirtschaft am besten versteht.&#8220;<\/p>\n<p>Das Thema l\u00e4sst mich nicht los. Bei <a href=\"http:\/\/de.wikipedia.org\/wiki\/Internationaler_Frauentag#cite_note-0\" target=\"_blank\" class=\"extern\" title=\"neues Fenster\">Wikipedia<\/a> lese ich: Der Weltfrauentag &#8222;entstand in der Zeit um den Ersten Weltkrieg im Kampf um die Gleichberechtigung und das Wahlrecht f\u00fcr Frauen.&#8220; Sp\u00e4ter hei\u00dft es: &#8222;Die deutsche Sozialistin Clara Zetkin schlug auf der <i>Zweiten Internationalen Sozialistischen Frauenkonferenz<\/i> am 27.&nbsp;August 1910 in Kopenhagen die Einf\u00fchrung eines internationalen Frauentages vor.&#8220; Sicher, es gab H\u00f6hen und Tiefen im nun schon \u00fcber 100&nbsp;Jahre w\u00e4hrenden Kampf um Gleichberechtigung und Frieden. Doch die Frauenrechtlerinnen k\u00f6nnen gro\u00dfe Erfolge aufweisen. Bildung, Berufsaus\u00fcbung und nicht zuletzt das Wahlrecht sind f\u00fcr uns Frauen heute selbstverst\u00e4ndlich.<\/p>\n<h4>Was, wenn auch Diabetiker mehr k\u00e4mpfen w\u00fcrden?<\/h4>\n<p>Seit 1977 ist der Internationale Frauentag am 8. M\u00e4rz der offizielle <a href=\"http:\/\/www.unis.unvienna.org\/unis\/de\/index.html\" target=\"_blank\" class=\"extern\" title=\"neues Fenster\">Tag der Vereinten Nationen f\u00fcr die Rechte der Frau und den Weltfrieden<\/a>. 30&nbsp;Jahre sp\u00e4ter erreichte der <a href=\"https:\/\/www.diabsite.de\/aktionen\/weltdiabetestag\/resolution.html\" target=\"_blank\" class=\"ds\" title=\"neues Fenster\">Weltdiabetestag<\/a> diesen Status. Immerhin! Nur wo bleibt der Kampf der Diabetikerinnen und Diabetiker f\u00fcr ihre Rechte? Warum nehmen sie Diskriminierungen in Schule und Beruf, Einschr\u00e4nkungen bei Therapieoptionen, steigende Kosten f\u00fcr lebensnotwendige Medikamente etc. meist klaglos hin?<\/p>\n<p>Manchmal tr\u00e4ume ich vom Kampf der Menschen mit Diabetes. Denn einfach abzuwarten, bis etwas von selbst besser wird, hat noch nie zu Ver\u00e4nderungen gef\u00fchrt. Es m\u00fcsste Menschen geben, die sich in Selbsthilfegruppen, beim Arzt oder im Beruf f\u00fcr ihre Rechte einsetzen.<\/p>\n<p>Mit meinem virtuellen Blumenstrau\u00df m\u00f6chte ich am heutigen Weltfrauentag nicht nur den Frauen und M\u00e4dchen mit Diabetes Mut machen, selbst aktiv zu werden. Engagieren Sie sich in den Organisationen, k\u00e4mpfen Sie f\u00fcr Ihre Rechte und informieren Sie sich auf dem unabh\u00e4ngigen <a href=\"https:\/\/www.diabsite.de\/\" target=\"_blank\" class=\"ds\" title=\"neues Fenster\">Diabetes-Portal DiabSite<\/a>. In diesem Sinne w\u00fcnsche ich allen Frauen einen sch\u00f6nen Weltfrauentag!<\/p>\n","protected":false},"excerpt":{"rendered":"<p>Heute ist Weltfrauentag. Nichts Wichtiges, oder? Ich nahm es wahr, als ich beim Fr\u00fchst\u00fcck Radio h\u00f6rte. Wie \u00fcblich wollte ich anschlie\u00dfend im Internet nach neuen Diabetes-Nachrichten suchen. Ganz unbewusst gab ich statt &#8222;Diabetes&#8220; den noch in meinem Kopf herumspukenden &#8222;Weltfrauentag&#8220; in die Suche ein und begann zu lesen. Die BILD titelt: &#8222;Bild.de wird heute nur [&hellip;]<\/p>\n","protected":false},"author":4,"featured_media":0,"comment_status":"open","ping_status":"closed","sticky":false,"template":"","format":"standard","meta":{"footnotes":""},"categories":[1],"tags":[],"_links":{"self":[{"href":"https:\/\/www.diabsite.de\/diabetes-weblog\/wp-json\/wp\/v2\/posts\/17770"}],"collection":[{"href":"https:\/\/www.diabsite.de\/diabetes-weblog\/wp-json\/wp\/v2\/posts"}],"about":[{"href":"https:\/\/www.diabsite.de\/diabetes-weblog\/wp-json\/wp\/v2\/types\/post"}],"author":[{"embeddable":true,"href":"https:\/\/www.diabsite.de\/diabetes-weblog\/wp-json\/wp\/v2\/users\/4"}],"replies":[{"embeddable":true,"href":"https:\/\/www.diabsite.de\/diabetes-weblog\/wp-json\/wp\/v2\/comments?post=17770"}],"version-history":[{"count":32,"href":"https:\/\/www.diabsite.de\/diabetes-weblog\/wp-json\/wp\/v2\/posts\/17770\/revisions"}],"predecessor-version":[{"id":33838,"href":"https:\/\/www.diabsite.de\/diabetes-weblog\/wp-json\/wp\/v2\/posts\/17770\/revisions\/33838"}],"wp:attachment":[{"href":"https:\/\/www.diabsite.de\/diabetes-weblog\/wp-json\/wp\/v2\/media?parent=17770"}],"wp:term":[{"taxonomy":"category","embeddable":true,"href":"https:\/\/www.diabsite.de\/diabetes-weblog\/wp-json\/wp\/v2\/categories?post=17770"},{"taxonomy":"post_tag","embeddable":true,"href":"https:\/\/www.diabsite.de\/diabetes-weblog\/wp-json\/wp\/v2\/tags?post=17770"}],"curies":[{"name":"wp","href":"https:\/\/api.w.org\/{rel}","templated":true}]}}