{"id":17741,"date":"2012-03-05T16:38:50","date_gmt":"2012-03-05T15:38:50","guid":{"rendered":"http:\/\/www.diabsite.de\/diabetes-weblog\/?p=17741"},"modified":"2012-03-05T16:38:57","modified_gmt":"2012-03-05T15:38:57","slug":"mit-rechtzeitiger-vorbeugung-diabetes-verhindern","status":"publish","type":"post","link":"https:\/\/www.diabsite.de\/diabetes-weblog\/2012\/03\/05\/mit-rechtzeitiger-vorbeugung-diabetes-verhindern\/","title":{"rendered":"Mit rechtzeitiger Vorbeugung Diabetes verhindern"},"content":{"rendered":"<p>Dieser Titel ist nicht schmeichelhaft: &#8222;Die Deutschen sind Europameister beim \u00dcbergewicht&#8220;, stellte am Sonntag (4.&nbsp;M\u00e4rz) Dr.&nbsp;Reinhold Gellner fest. Und da \u00dcbergewicht h\u00e4ufig zum Diabetes Typ&nbsp;2 f\u00fchrt, gab der Diabetologe bei der Er\u00f6ffnung des Patiententags auf der DIABETES MESSE&nbsp;2012 in M\u00fcnster die klare Marschrichtung vor: Vorbeugung ist angesagt. <a href=\"https:\/\/www.diabsite.de\/aktuelles\/nachrichten\/2012\/120305c.html\" target=\"_blank\" class=\"ds\" title=\"zur Nachricht (neues Fenster)\">Nachricht lesen<\/a><\/p>\n","protected":false},"excerpt":{"rendered":"<p>Dieser Titel ist nicht schmeichelhaft: &#8222;Die Deutschen sind Europameister beim \u00dcbergewicht&#8220;, stellte am Sonntag (4.&nbsp;M\u00e4rz) Dr.&nbsp;Reinhold Gellner fest. Und da \u00dcbergewicht h\u00e4ufig zum Diabetes Typ&nbsp;2 f\u00fchrt, gab der Diabetologe bei der Er\u00f6ffnung des Patiententags auf der DIABETES MESSE&nbsp;2012 in M\u00fcnster die klare Marschrichtung vor: Vorbeugung ist angesagt. Nachricht lesen<\/p>\n","protected":false},"author":4,"featured_media":0,"comment_status":"open","ping_status":"closed","sticky":false,"template":"","format":"standard","meta":{"footnotes":""},"categories":[2],"tags":[],"_links":{"self":[{"href":"https:\/\/www.diabsite.de\/diabetes-weblog\/wp-json\/wp\/v2\/posts\/17741"}],"collection":[{"href":"https:\/\/www.diabsite.de\/diabetes-weblog\/wp-json\/wp\/v2\/posts"}],"about":[{"href":"https:\/\/www.diabsite.de\/diabetes-weblog\/wp-json\/wp\/v2\/types\/post"}],"author":[{"embeddable":true,"href":"https:\/\/www.diabsite.de\/diabetes-weblog\/wp-json\/wp\/v2\/users\/4"}],"replies":[{"embeddable":true,"href":"https:\/\/www.diabsite.de\/diabetes-weblog\/wp-json\/wp\/v2\/comments?post=17741"}],"version-history":[{"count":2,"href":"https:\/\/www.diabsite.de\/diabetes-weblog\/wp-json\/wp\/v2\/posts\/17741\/revisions"}],"predecessor-version":[{"id":17747,"href":"https:\/\/www.diabsite.de\/diabetes-weblog\/wp-json\/wp\/v2\/posts\/17741\/revisions\/17747"}],"wp:attachment":[{"href":"https:\/\/www.diabsite.de\/diabetes-weblog\/wp-json\/wp\/v2\/media?parent=17741"}],"wp:term":[{"taxonomy":"category","embeddable":true,"href":"https:\/\/www.diabsite.de\/diabetes-weblog\/wp-json\/wp\/v2\/categories?post=17741"},{"taxonomy":"post_tag","embeddable":true,"href":"https:\/\/www.diabsite.de\/diabetes-weblog\/wp-json\/wp\/v2\/tags?post=17741"}],"curies":[{"name":"wp","href":"https:\/\/api.w.org\/{rel}","templated":true}]}}