{"id":1755,"date":"2007-06-20T10:37:52","date_gmt":"2007-06-20T08:37:52","guid":{"rendered":"http:\/\/www.diabsite.de\/diabetes-weblog\/2007\/06\/20\/am-samstag-ist-diabetesmarkt-in-bremen\/"},"modified":"2007-06-20T11:31:53","modified_gmt":"2007-06-20T09:31:53","slug":"am-samstag-ist-diabetesmarkt-in-bremen","status":"publish","type":"post","link":"https:\/\/www.diabsite.de\/diabetes-weblog\/2007\/06\/20\/am-samstag-ist-diabetesmarkt-in-bremen\/","title":{"rendered":"Am Samstag ist DiabetesMARKT in Bremen"},"content":{"rendered":"<p><a href=\"https:\/\/www.diabetes-radio.de\/\" title=\"zum DiabSite Diabetes-Radio\" target=\"_blank\"><img loading=\"lazy\" decoding=\"async\" class=\"alignright\" src=\"https:\/\/www.diabsite.de\/diabetes-weblog\/wp-content\/themes\/diabsite\/images\/diabetes-radio.gif\" width=\"100\" height=\"100\" alt=\"Das DiabSite Diabetes-Radio\" title=\"Das DiabSite Diabetes-Radio\" \/><\/a> Neue Episode im <a href=\"https:\/\/www.diabetes-radio.de\" target=\"_blank\" title=\"Besuchen Sie das DiabSite Diabetes-Radio\">DiabSite Diabetes-Radio<\/a>: Am kommenden Samstag, den 23.&nbsp;Juni 2007, findet in Bremen der allj\u00e4hrlich von der Deutschen Diabetes-Stiftung (DDS) veranstaltete DiabetesMARKT statt. DiabSite f\u00fchrte aus diesem Anlass ein Interview mit dem Vorsitzenden der DDS, Prof.&nbsp;R\u00fcdiger Landgraf, \u00fcber die Aufgaben der Stiftung und den DiabetesMARKT, der sowohl f\u00fcr Menschen mit Diabetes als auch f\u00fcr (Noch-)Nicht-Diabetiker einiges zu bieten hat. H\u00f6ren Sie doch mal rein! <a href=\"https:\/\/www.diabetes-radio.de\/2007\/06\/20\/am-samstag-ist-diabetesmarkt-in-bremen\/\" title=\"zum Podcast\" target=\"_blank\">Podcast anh\u00f6ren<\/a><\/p>\n","protected":false},"excerpt":{"rendered":"<p>Neue Episode im DiabSite Diabetes-Radio: Am kommenden Samstag, den 23.&nbsp;Juni 2007, findet in Bremen der allj\u00e4hrlich von der Deutschen Diabetes-Stiftung (DDS) veranstaltete DiabetesMARKT statt. DiabSite f\u00fchrte aus diesem Anlass ein Interview mit dem Vorsitzenden der DDS, Prof.&nbsp;R\u00fcdiger Landgraf, \u00fcber die Aufgaben der Stiftung und den DiabetesMARKT, der sowohl f\u00fcr Menschen mit Diabetes als auch f\u00fcr [&hellip;]<\/p>\n","protected":false},"author":4,"featured_media":0,"comment_status":"closed","ping_status":"open","sticky":false,"template":"","format":"standard","meta":{"footnotes":""},"categories":[4,1],"tags":[],"_links":{"self":[{"href":"https:\/\/www.diabsite.de\/diabetes-weblog\/wp-json\/wp\/v2\/posts\/1755"}],"collection":[{"href":"https:\/\/www.diabsite.de\/diabetes-weblog\/wp-json\/wp\/v2\/posts"}],"about":[{"href":"https:\/\/www.diabsite.de\/diabetes-weblog\/wp-json\/wp\/v2\/types\/post"}],"author":[{"embeddable":true,"href":"https:\/\/www.diabsite.de\/diabetes-weblog\/wp-json\/wp\/v2\/users\/4"}],"replies":[{"embeddable":true,"href":"https:\/\/www.diabsite.de\/diabetes-weblog\/wp-json\/wp\/v2\/comments?post=1755"}],"version-history":[{"count":0,"href":"https:\/\/www.diabsite.de\/diabetes-weblog\/wp-json\/wp\/v2\/posts\/1755\/revisions"}],"wp:attachment":[{"href":"https:\/\/www.diabsite.de\/diabetes-weblog\/wp-json\/wp\/v2\/media?parent=1755"}],"wp:term":[{"taxonomy":"category","embeddable":true,"href":"https:\/\/www.diabsite.de\/diabetes-weblog\/wp-json\/wp\/v2\/categories?post=1755"},{"taxonomy":"post_tag","embeddable":true,"href":"https:\/\/www.diabsite.de\/diabetes-weblog\/wp-json\/wp\/v2\/tags?post=1755"}],"curies":[{"name":"wp","href":"https:\/\/api.w.org\/{rel}","templated":true}]}}