{"id":17463,"date":"2012-02-20T21:22:15","date_gmt":"2012-02-20T20:22:15","guid":{"rendered":"http:\/\/www.diabsite.de\/diabetes-weblog\/?p=17463"},"modified":"2012-02-20T21:22:15","modified_gmt":"2012-02-20T20:22:15","slug":"medienpreis-der-schweizerischen-diabetes-stiftung-zum-dritten-mal-ausgeschrieben","status":"publish","type":"post","link":"https:\/\/www.diabsite.de\/diabetes-weblog\/2012\/02\/20\/medienpreis-der-schweizerischen-diabetes-stiftung-zum-dritten-mal-ausgeschrieben\/","title":{"rendered":"Medienpreis der Schweizerischen Diabetes-Stiftung zum dritten Mal ausgeschrieben"},"content":{"rendered":"<p>Journalisten sollten ihre Beitr\u00e4ge bis zum 4. April 2012 einreichen: Die Schweizerische Diabetes-Stiftung freut sich dar\u00fcber, ihren Medienpreis zum dritten Mal \u00f6ffentlich auszuschreiben. Angesprochen sind alle professionellen Medienschaffenden in der Schweiz, welche im Jahre&nbsp;2011 einen Beitrag (print oder elektronisch) zum Thema Diabetes mellitus publiziert haben. <a href=\"https:\/\/www.diabsite.de\/aktuelles\/nachrichten\/2012\/120220b.html\" target=\"_blank\" class=\"ds\" title=\"zur Nachricht (neues Fenster)\">Nachricht lesen<\/a><\/p>\n","protected":false},"excerpt":{"rendered":"<p>Journalisten sollten ihre Beitr\u00e4ge bis zum 4. April 2012 einreichen: Die Schweizerische Diabetes-Stiftung freut sich dar\u00fcber, ihren Medienpreis zum dritten Mal \u00f6ffentlich auszuschreiben. Angesprochen sind alle professionellen Medienschaffenden in der Schweiz, welche im Jahre&nbsp;2011 einen Beitrag (print oder elektronisch) zum Thema Diabetes mellitus publiziert haben. Nachricht lesen<\/p>\n","protected":false},"author":4,"featured_media":0,"comment_status":"open","ping_status":"closed","sticky":false,"template":"","format":"standard","meta":{"footnotes":""},"categories":[2],"tags":[],"_links":{"self":[{"href":"https:\/\/www.diabsite.de\/diabetes-weblog\/wp-json\/wp\/v2\/posts\/17463"}],"collection":[{"href":"https:\/\/www.diabsite.de\/diabetes-weblog\/wp-json\/wp\/v2\/posts"}],"about":[{"href":"https:\/\/www.diabsite.de\/diabetes-weblog\/wp-json\/wp\/v2\/types\/post"}],"author":[{"embeddable":true,"href":"https:\/\/www.diabsite.de\/diabetes-weblog\/wp-json\/wp\/v2\/users\/4"}],"replies":[{"embeddable":true,"href":"https:\/\/www.diabsite.de\/diabetes-weblog\/wp-json\/wp\/v2\/comments?post=17463"}],"version-history":[{"count":2,"href":"https:\/\/www.diabsite.de\/diabetes-weblog\/wp-json\/wp\/v2\/posts\/17463\/revisions"}],"predecessor-version":[{"id":17465,"href":"https:\/\/www.diabsite.de\/diabetes-weblog\/wp-json\/wp\/v2\/posts\/17463\/revisions\/17465"}],"wp:attachment":[{"href":"https:\/\/www.diabsite.de\/diabetes-weblog\/wp-json\/wp\/v2\/media?parent=17463"}],"wp:term":[{"taxonomy":"category","embeddable":true,"href":"https:\/\/www.diabsite.de\/diabetes-weblog\/wp-json\/wp\/v2\/categories?post=17463"},{"taxonomy":"post_tag","embeddable":true,"href":"https:\/\/www.diabsite.de\/diabetes-weblog\/wp-json\/wp\/v2\/tags?post=17463"}],"curies":[{"name":"wp","href":"https:\/\/api.w.org\/{rel}","templated":true}]}}