{"id":17310,"date":"2012-02-07T17:52:13","date_gmt":"2012-02-07T16:52:13","guid":{"rendered":"http:\/\/www.diabsite.de\/diabetes-weblog\/?p=17310"},"modified":"2012-02-07T17:52:13","modified_gmt":"2012-02-07T16:52:13","slug":"neues-therapieziel-ein-leben-ohne-diabetes","status":"publish","type":"post","link":"https:\/\/www.diabsite.de\/diabetes-weblog\/2012\/02\/07\/neues-therapieziel-ein-leben-ohne-diabetes\/","title":{"rendered":"Neues Therapieziel: Ein Leben ohne Diabetes"},"content":{"rendered":"<p><a href=\"https:\/\/www.diabsite.de\/aktuelles\/nachrichten\/2012\/120207b.html\" target=\"_blank\" class=\"ds\" title=\"zur Nachricht (neues Fenster)\"><img loading=\"lazy\" decoding=\"async\" class=\"alignright\" src=\"https:\/\/www.diabsite.de\/diabetes-weblog\/wp-content\/images\/2012\/120207b.jpg\" width=\"150\" height=\"100\" alt=\"Patiententag auf der Diabetes Messe M\u00fcnster\" \/><\/a> Ein Leben ohne Diabetes ist m\u00f6glich&nbsp;&#8211; &#8222;und k\u00f6nnte ein neues Therapieziel sein&#8220;, erkl\u00e4rt Dr.&nbsp;Reinhold Gellner, Diabetologe aus M\u00fcnster. Ein Diabetes mellitus k\u00f6nne heute nicht nur optimal behandelt, sondern oft sogar zum Verschwinden gebracht werden. Dies wird ein wichtiges Thema sein auf dem Patiententag anl\u00e4sslich der neunten DIABETES&nbsp;MESSE&nbsp;2012 am Sonntag, 4.&nbsp;M\u00e4rz, im Messe und Congress Centrum Halle M\u00fcnsterland. <a href=\"https:\/\/www.diabsite.de\/aktuelles\/nachrichten\/2012\/120207b1.html\" target=\"_blank\" class=\"ds\" title=\"zur Nachricht (neues Fenster)\">Nachricht lesen<\/a><\/p>\n","protected":false},"excerpt":{"rendered":"<p>Ein Leben ohne Diabetes ist m\u00f6glich&nbsp;&#8211; &#8222;und k\u00f6nnte ein neues Therapieziel sein&#8220;, erkl\u00e4rt Dr.&nbsp;Reinhold Gellner, Diabetologe aus M\u00fcnster. Ein Diabetes mellitus k\u00f6nne heute nicht nur optimal behandelt, sondern oft sogar zum Verschwinden gebracht werden. Dies wird ein wichtiges Thema sein auf dem Patiententag anl\u00e4sslich der neunten DIABETES&nbsp;MESSE&nbsp;2012 am Sonntag, 4.&nbsp;M\u00e4rz, im Messe und Congress Centrum [&hellip;]<\/p>\n","protected":false},"author":4,"featured_media":0,"comment_status":"open","ping_status":"closed","sticky":false,"template":"","format":"standard","meta":{"footnotes":""},"categories":[2],"tags":[],"_links":{"self":[{"href":"https:\/\/www.diabsite.de\/diabetes-weblog\/wp-json\/wp\/v2\/posts\/17310"}],"collection":[{"href":"https:\/\/www.diabsite.de\/diabetes-weblog\/wp-json\/wp\/v2\/posts"}],"about":[{"href":"https:\/\/www.diabsite.de\/diabetes-weblog\/wp-json\/wp\/v2\/types\/post"}],"author":[{"embeddable":true,"href":"https:\/\/www.diabsite.de\/diabetes-weblog\/wp-json\/wp\/v2\/users\/4"}],"replies":[{"embeddable":true,"href":"https:\/\/www.diabsite.de\/diabetes-weblog\/wp-json\/wp\/v2\/comments?post=17310"}],"version-history":[{"count":6,"href":"https:\/\/www.diabsite.de\/diabetes-weblog\/wp-json\/wp\/v2\/posts\/17310\/revisions"}],"predecessor-version":[{"id":17316,"href":"https:\/\/www.diabsite.de\/diabetes-weblog\/wp-json\/wp\/v2\/posts\/17310\/revisions\/17316"}],"wp:attachment":[{"href":"https:\/\/www.diabsite.de\/diabetes-weblog\/wp-json\/wp\/v2\/media?parent=17310"}],"wp:term":[{"taxonomy":"category","embeddable":true,"href":"https:\/\/www.diabsite.de\/diabetes-weblog\/wp-json\/wp\/v2\/categories?post=17310"},{"taxonomy":"post_tag","embeddable":true,"href":"https:\/\/www.diabsite.de\/diabetes-weblog\/wp-json\/wp\/v2\/tags?post=17310"}],"curies":[{"name":"wp","href":"https:\/\/api.w.org\/{rel}","templated":true}]}}