{"id":1725,"date":"2007-06-11T13:26:32","date_gmt":"2007-06-11T11:26:32","guid":{"rendered":"http:\/\/www.diabsite.de\/diabetes-weblog\/2007\/06\/11\/institut-missachtet-erfahrungen-der-diabetikern\/"},"modified":"2007-06-11T13:26:32","modified_gmt":"2007-06-11T11:26:32","slug":"institut-missachtet-erfahrungen-der-diabetikern","status":"publish","type":"post","link":"https:\/\/www.diabsite.de\/diabetes-weblog\/2007\/06\/11\/institut-missachtet-erfahrungen-der-diabetikern\/","title":{"rendered":"Institut missachtet Erfahrungen der Diabetikern"},"content":{"rendered":"<p>&#8222;Nach wie vor missachtet das Institut f\u00fcr Qualit\u00e4t und Wirtschaftlichkeit im Gesundheitswesen (IQWiG) die Erfahrungen der von Diabetes betroffenen Menschen&#8220;, erkl\u00e4rte der Vorsitzende des Deutschen Diabetiker Bundes, Manfred W\u00f6lfert, heute in einer Pressemitteilung. Selbst Menschen mit Diabetes mellitus Typ 1, das hei\u00dft auch vielen Kindern und Jugendlichen wolle das IQWiG jetzt, wie dem Abschlussbericht des Instituts zu entnehmen sei, das Recht auf die Verordnung der modernen kurzwirksamen Insuline absprechen. <a href=\"https:\/\/www.diabsite.de\/aktuelles\/nachrichten\/2007\/070611.html\" title=\"zur Nachricht\" target=\"_blank\">Nachricht lesen<\/a><\/p>\n","protected":false},"excerpt":{"rendered":"<p>&#8222;Nach wie vor missachtet das Institut f\u00fcr Qualit\u00e4t und Wirtschaftlichkeit im Gesundheitswesen (IQWiG) die Erfahrungen der von Diabetes betroffenen Menschen&#8220;, erkl\u00e4rte der Vorsitzende des Deutschen Diabetiker Bundes, Manfred W\u00f6lfert, heute in einer Pressemitteilung. Selbst Menschen mit Diabetes mellitus Typ 1, das hei\u00dft auch vielen Kindern und Jugendlichen wolle das IQWiG jetzt, wie dem Abschlussbericht des [&hellip;]<\/p>\n","protected":false},"author":4,"featured_media":0,"comment_status":"closed","ping_status":"open","sticky":false,"template":"","format":"standard","meta":{"footnotes":""},"categories":[2],"tags":[],"_links":{"self":[{"href":"https:\/\/www.diabsite.de\/diabetes-weblog\/wp-json\/wp\/v2\/posts\/1725"}],"collection":[{"href":"https:\/\/www.diabsite.de\/diabetes-weblog\/wp-json\/wp\/v2\/posts"}],"about":[{"href":"https:\/\/www.diabsite.de\/diabetes-weblog\/wp-json\/wp\/v2\/types\/post"}],"author":[{"embeddable":true,"href":"https:\/\/www.diabsite.de\/diabetes-weblog\/wp-json\/wp\/v2\/users\/4"}],"replies":[{"embeddable":true,"href":"https:\/\/www.diabsite.de\/diabetes-weblog\/wp-json\/wp\/v2\/comments?post=1725"}],"version-history":[{"count":0,"href":"https:\/\/www.diabsite.de\/diabetes-weblog\/wp-json\/wp\/v2\/posts\/1725\/revisions"}],"wp:attachment":[{"href":"https:\/\/www.diabsite.de\/diabetes-weblog\/wp-json\/wp\/v2\/media?parent=1725"}],"wp:term":[{"taxonomy":"category","embeddable":true,"href":"https:\/\/www.diabsite.de\/diabetes-weblog\/wp-json\/wp\/v2\/categories?post=1725"},{"taxonomy":"post_tag","embeddable":true,"href":"https:\/\/www.diabsite.de\/diabetes-weblog\/wp-json\/wp\/v2\/tags?post=1725"}],"curies":[{"name":"wp","href":"https:\/\/api.w.org\/{rel}","templated":true}]}}