{"id":1665,"date":"2007-05-18T23:46:08","date_gmt":"2007-05-18T21:46:08","guid":{"rendered":"http:\/\/www.diabsite.de\/diabetes-weblog\/2007\/05\/18\/podcast-den-offenen-dialog-pflegen\/"},"modified":"2009-01-01T18:38:03","modified_gmt":"2009-01-01T17:38:03","slug":"podcast-den-offenen-dialog-pflegen","status":"publish","type":"post","link":"https:\/\/www.diabsite.de\/diabetes-weblog\/2007\/05\/18\/podcast-den-offenen-dialog-pflegen\/","title":{"rendered":"Podcast: Den offenen Dialog pflegen"},"content":{"rendered":"<p><a href=\"https:\/\/www.diabetes-radio.de\/\" title=\"zum DiabSite Diabetes-Radio\" target=\"_blank\"><img loading=\"lazy\" decoding=\"async\" class=\"alignright\" src=\"https:\/\/www.diabsite.de\/diabetes-weblog\/wp-content\/themes\/diabsite\/images\/diabetes-radio.gif\" width=\"100\" height=\"100\" alt=\"Logo vom DiabSite Diabetes-Radio\" \/><\/a> Im Rahmen der Mitgliederversammlung der Deutschen Diabetes-Gesellschaft hat der bisherige <a href=\"https:\/\/www.diabetes-radio.de\/2007\/05\/18\/den-offenen-dialog-pflegen\/\" title=\"zum Podcast\" target=\"_blank\"><img loading=\"lazy\" decoding=\"async\" class=\"alignleft\" src=\"https:\/\/www.diabetes-radio.de\/wp-content\/uploads\/_img\/\/070518d-haak.jpg\" width=\"120\" height=\"146\" alt=\"Prof. Dr. Thomas Haak, neuer DDG-Pr\u00e4sident\" title=\"Prof. Dr. Thomas Haak, neuer DDG-Pr\u00e4sident\" \/><\/a> Vize-Pr\u00e4sident Prof.&nbsp;Dr.&nbsp;Thomas Haak heute das Amt des DDG-Pr\u00e4sidenten von seinem Vorg\u00e4nger Prof.&nbsp;Dr.&nbsp;Wolfgang Kerner \u00fcbernommen. DiabSite Redakteurin Helga Uphoff sprach mit ihm nur wenige Minuten nach seiner Amtseinf\u00fchrung \u00fcber seine Ziele und Pl\u00e4ne f\u00fcr die kommenden zwei Jahre.  <a href=\"https:\/\/www.diabetes-radio.de\/2007\/05\/18\/den-offenen-dialog-pflegen\/\" title=\"zum Podcast\" target=\"_blank\">Podcast anh\u00f6ren<\/a><\/p>\n<p>Folgende Artikel k\u00f6nnten Sie auch interessieren:<\/p>\n<p>*   <a target=\"_blank\" title=\"Beitrag lesen\" href=\"https:\/\/www.diabsite.de\/infos\/experten\/lesefutter\/070518-haak.html\">Neuer Pr\u00e4sident der DDG: Prof. Thomas Haak<\/a><br \/>\n*   <a target=\"_blank\" title=\"Beitrag lesen\" href=\"https:\/\/www.diabsite.de\/aktuelles\/nachrichten\/2007\/070518i.html\">&#8222;Diabetes Deutschland&#8220;&nbsp;&#8211; Was ist das?<\/a><\/p>\n","protected":false},"excerpt":{"rendered":"<p>Im Rahmen der Mitgliederversammlung der Deutschen Diabetes-Gesellschaft hat der bisherige Vize-Pr\u00e4sident Prof.&nbsp;Dr.&nbsp;Thomas Haak heute das Amt des DDG-Pr\u00e4sidenten von seinem Vorg\u00e4nger Prof.&nbsp;Dr.&nbsp;Wolfgang Kerner \u00fcbernommen. DiabSite Redakteurin Helga Uphoff sprach mit ihm nur wenige Minuten nach seiner Amtseinf\u00fchrung \u00fcber seine Ziele und Pl\u00e4ne f\u00fcr die kommenden zwei Jahre. Podcast anh\u00f6ren Folgende Artikel k\u00f6nnten Sie auch interessieren: [&hellip;]<\/p>\n","protected":false},"author":2,"featured_media":0,"comment_status":"closed","ping_status":"open","sticky":false,"template":"","format":"standard","meta":{"footnotes":""},"categories":[4],"tags":[],"_links":{"self":[{"href":"https:\/\/www.diabsite.de\/diabetes-weblog\/wp-json\/wp\/v2\/posts\/1665"}],"collection":[{"href":"https:\/\/www.diabsite.de\/diabetes-weblog\/wp-json\/wp\/v2\/posts"}],"about":[{"href":"https:\/\/www.diabsite.de\/diabetes-weblog\/wp-json\/wp\/v2\/types\/post"}],"author":[{"embeddable":true,"href":"https:\/\/www.diabsite.de\/diabetes-weblog\/wp-json\/wp\/v2\/users\/2"}],"replies":[{"embeddable":true,"href":"https:\/\/www.diabsite.de\/diabetes-weblog\/wp-json\/wp\/v2\/comments?post=1665"}],"version-history":[{"count":0,"href":"https:\/\/www.diabsite.de\/diabetes-weblog\/wp-json\/wp\/v2\/posts\/1665\/revisions"}],"wp:attachment":[{"href":"https:\/\/www.diabsite.de\/diabetes-weblog\/wp-json\/wp\/v2\/media?parent=1665"}],"wp:term":[{"taxonomy":"category","embeddable":true,"href":"https:\/\/www.diabsite.de\/diabetes-weblog\/wp-json\/wp\/v2\/categories?post=1665"},{"taxonomy":"post_tag","embeddable":true,"href":"https:\/\/www.diabsite.de\/diabetes-weblog\/wp-json\/wp\/v2\/tags?post=1665"}],"curies":[{"name":"wp","href":"https:\/\/api.w.org\/{rel}","templated":true}]}}