{"id":1664,"date":"2007-05-18T23:53:29","date_gmt":"2007-05-18T21:53:29","guid":{"rendered":"http:\/\/www.diabsite.de\/diabetes-weblog\/2007\/05\/18\/podcast-prof-kerner-zwei-jahre-ddg-prasident-und-nun\/"},"modified":"2007-05-20T15:51:36","modified_gmt":"2007-05-20T13:51:36","slug":"podcast-prof-kerner-zwei-jahre-ddg-prasident-und-nun","status":"publish","type":"post","link":"https:\/\/www.diabsite.de\/diabetes-weblog\/2007\/05\/18\/podcast-prof-kerner-zwei-jahre-ddg-prasident-und-nun\/","title":{"rendered":"Podcast: Prof. Kerner: Zwei Jahre DDG-Pr\u00e4sident &#8211; und nun?"},"content":{"rendered":"<p><a href=\"https:\/\/www.diabetes-radio.de\/2007\/05\/18\/prof-kerner-zwei-jahre-ddg-prasident-und-nun\/\" title=\"zum Podcast\" target=\"_blank\"><img loading=\"lazy\" decoding=\"async\" class=\"alignright\" src=\"https:\/\/www.diabsite.de\/diabetes-weblog\/wp-content\/themes\/diabsite\/images\/071518fi.jpg\" width=\"120\" height=\"158\" alt=\"Prof. Dr. Wolfgang Kerner\" title=\"Prof. Dr. Wolfgang Kerner\" \/><\/a> Nach zwei Jahren gab Prof.&nbsp;Dr. Wolfgang Kerner heute turnusm\u00e4\u00dfig sein Amt als <abbr title=\"Deutsche Diabetes-Gesellschaft\">DDG<\/abbr>-Pr\u00e4sident an seinen Nachfolger Prof.&nbsp;Dr. Thomas Haak ab. DiabSite sprach mit ihm \u00fcber die Themen, die ihn w\u00e4hrend seiner Amtszeit am meisten besch\u00e4ftigt haben, und fragte nach, ob und in welcher Form er denn der DDG&nbsp;&#8211; beispielsweise in Sachen &#8222;Diabetes Deutschland&#8220;&nbsp;&#8211; auch k\u00fcnftig erhalten bleibt. <a href=\"https:\/\/www.diabetes-radio.de\/2007\/05\/18\/prof-kerner-zwei-jahre-ddg-prasident-und-nun\/\" title=\"zum Podcast\" target=\"_blank\">Podcast anh\u00f6ren<\/a><\/p>\n<p>Diese Artikel k\u00f6nnten Sie auch interessieren:<\/p>\n<p>*   <a target=\"_blank\" title=\"Beitrag lesen\" href=\"https:\/\/www.diabsite.de\/aktuelles\/nachrichten\/2007\/070518i.html\">&#8222;Diabetes Deutschland&#8220;&nbsp;&#8211; Was ist das?<\/a><br \/>\n*   <a target=\"_blank\" title=\"Beitrag lesen\" href=\"https:\/\/www.diabsite.de\/aktuelles\/nachrichten\/2007\/070518g.html\">Wege aus der Finanzkrise&nbsp;&#8211; Wie bleibt das deutsche Gesundheitssystem bezahlbar?<\/a><\/p>\n","protected":false},"excerpt":{"rendered":"<p>Nach zwei Jahren gab Prof.&nbsp;Dr. Wolfgang Kerner heute turnusm\u00e4\u00dfig sein Amt als DDG-Pr\u00e4sident an seinen Nachfolger Prof.&nbsp;Dr. Thomas Haak ab. DiabSite sprach mit ihm \u00fcber die Themen, die ihn w\u00e4hrend seiner Amtszeit am meisten besch\u00e4ftigt haben, und fragte nach, ob und in welcher Form er denn der DDG&nbsp;&#8211; beispielsweise in Sachen &#8222;Diabetes Deutschland&#8220;&nbsp;&#8211; auch k\u00fcnftig [&hellip;]<\/p>\n","protected":false},"author":2,"featured_media":0,"comment_status":"closed","ping_status":"open","sticky":false,"template":"","format":"standard","meta":{"footnotes":""},"categories":[4],"tags":[],"_links":{"self":[{"href":"https:\/\/www.diabsite.de\/diabetes-weblog\/wp-json\/wp\/v2\/posts\/1664"}],"collection":[{"href":"https:\/\/www.diabsite.de\/diabetes-weblog\/wp-json\/wp\/v2\/posts"}],"about":[{"href":"https:\/\/www.diabsite.de\/diabetes-weblog\/wp-json\/wp\/v2\/types\/post"}],"author":[{"embeddable":true,"href":"https:\/\/www.diabsite.de\/diabetes-weblog\/wp-json\/wp\/v2\/users\/2"}],"replies":[{"embeddable":true,"href":"https:\/\/www.diabsite.de\/diabetes-weblog\/wp-json\/wp\/v2\/comments?post=1664"}],"version-history":[{"count":0,"href":"https:\/\/www.diabsite.de\/diabetes-weblog\/wp-json\/wp\/v2\/posts\/1664\/revisions"}],"wp:attachment":[{"href":"https:\/\/www.diabsite.de\/diabetes-weblog\/wp-json\/wp\/v2\/media?parent=1664"}],"wp:term":[{"taxonomy":"category","embeddable":true,"href":"https:\/\/www.diabsite.de\/diabetes-weblog\/wp-json\/wp\/v2\/categories?post=1664"},{"taxonomy":"post_tag","embeddable":true,"href":"https:\/\/www.diabsite.de\/diabetes-weblog\/wp-json\/wp\/v2\/tags?post=1664"}],"curies":[{"name":"wp","href":"https:\/\/api.w.org\/{rel}","templated":true}]}}