{"id":1644,"date":"2007-05-16T23:15:29","date_gmt":"2007-05-16T21:15:29","guid":{"rendered":"http:\/\/www.diabsite.de\/diabetes-weblog\/2007\/05\/16\/podcast-fast-vergessene-facetten-der-diabetestherapie\/"},"modified":"2007-05-17T13:22:26","modified_gmt":"2007-05-17T11:22:26","slug":"podcast-fast-vergessene-facetten-der-diabetestherapie","status":"publish","type":"post","link":"https:\/\/www.diabsite.de\/diabetes-weblog\/2007\/05\/16\/podcast-fast-vergessene-facetten-der-diabetestherapie\/","title":{"rendered":"Podcast: Fast vergessene Facetten der Diabetestherapie"},"content":{"rendered":"<p><img loading=\"lazy\" decoding=\"async\" class=\"alignright\" src=\"https:\/\/www.diabsite.de\/diabetes-weblog\/wp-content\/themes\/diabsite\/images\/070516b-frank.jpg\" width=\"120\" height=\"143\" alt=\"PD Dr. Matthias Frank\" title=\"PD Dr. Matthias Frank\" \/> Privatdozent Dr. Matthias Frank ist (unter anderem) Chefarzt der Saarland Kliniken Neunkirchen, Mitglied zahlreicher Gremien und Autor von \u00fcber 100 Publikationen und \u00fcber 400 Vortr\u00e4gen zum Thema Diabetes mellitus. Im Rahmen der 42.&nbsp;Jahrestagung der Deutschen Diabetes-Gesellschaft moderierte er das Symposium der BERLIN CHEMIE&nbsp;AG mit dem Titel &#8222;Fast vergessene Facetten der Diabetestherapie&nbsp;&#8211; Nicht-klassische Folge- und Begleiterkrankungen des Diabetes mellitus&#8220; und stand im Anschluss DiabSite-Redakteurin Helga Uphoff Rede und Antwort. Schwerpunkte: kognitive Leistungsf\u00e4higkeit bei Diabetes und die Haut des Diabetikers. <a href=\"https:\/\/www.diabetes-radio.de\/2007\/05\/16\/fast-vergessene-facetten-der-diabetestherapie-interview-mit-dr-matthias-frank\/\" title=\"zum Podcast\" target=\"_blank\">Podcast anh\u00f6ren<\/a><\/p>\n","protected":false},"excerpt":{"rendered":"<p>Privatdozent Dr. Matthias Frank ist (unter anderem) Chefarzt der Saarland Kliniken Neunkirchen, Mitglied zahlreicher Gremien und Autor von \u00fcber 100 Publikationen und \u00fcber 400 Vortr\u00e4gen zum Thema Diabetes mellitus. Im Rahmen der 42.&nbsp;Jahrestagung der Deutschen Diabetes-Gesellschaft moderierte er das Symposium der BERLIN CHEMIE&nbsp;AG mit dem Titel &#8222;Fast vergessene Facetten der Diabetestherapie&nbsp;&#8211; Nicht-klassische Folge- und Begleiterkrankungen [&hellip;]<\/p>\n","protected":false},"author":2,"featured_media":0,"comment_status":"closed","ping_status":"open","sticky":false,"template":"","format":"standard","meta":{"footnotes":""},"categories":[4],"tags":[],"_links":{"self":[{"href":"https:\/\/www.diabsite.de\/diabetes-weblog\/wp-json\/wp\/v2\/posts\/1644"}],"collection":[{"href":"https:\/\/www.diabsite.de\/diabetes-weblog\/wp-json\/wp\/v2\/posts"}],"about":[{"href":"https:\/\/www.diabsite.de\/diabetes-weblog\/wp-json\/wp\/v2\/types\/post"}],"author":[{"embeddable":true,"href":"https:\/\/www.diabsite.de\/diabetes-weblog\/wp-json\/wp\/v2\/users\/2"}],"replies":[{"embeddable":true,"href":"https:\/\/www.diabsite.de\/diabetes-weblog\/wp-json\/wp\/v2\/comments?post=1644"}],"version-history":[{"count":0,"href":"https:\/\/www.diabsite.de\/diabetes-weblog\/wp-json\/wp\/v2\/posts\/1644\/revisions"}],"wp:attachment":[{"href":"https:\/\/www.diabsite.de\/diabetes-weblog\/wp-json\/wp\/v2\/media?parent=1644"}],"wp:term":[{"taxonomy":"category","embeddable":true,"href":"https:\/\/www.diabsite.de\/diabetes-weblog\/wp-json\/wp\/v2\/categories?post=1644"},{"taxonomy":"post_tag","embeddable":true,"href":"https:\/\/www.diabsite.de\/diabetes-weblog\/wp-json\/wp\/v2\/tags?post=1644"}],"curies":[{"name":"wp","href":"https:\/\/api.w.org\/{rel}","templated":true}]}}