{"id":1642,"date":"2007-05-16T22:59:53","date_gmt":"2007-05-16T20:59:53","guid":{"rendered":"http:\/\/www.diabsite.de\/diabetes-weblog\/2007\/05\/16\/motivation-zu-langfristiger-ernahrungsumstellung-rationalitat-und-realitat-des-alltags\/"},"modified":"2007-05-16T22:59:53","modified_gmt":"2007-05-16T20:59:53","slug":"motivation-zu-langfristiger-ernahrungsumstellung-rationalitat-und-realitat-des-alltags","status":"publish","type":"post","link":"https:\/\/www.diabsite.de\/diabetes-weblog\/2007\/05\/16\/motivation-zu-langfristiger-ernahrungsumstellung-rationalitat-und-realitat-des-alltags\/","title":{"rendered":"Motivation zu langfristiger Ern\u00e4hrungsumstellung: Rationalit\u00e4t und Realit\u00e4t des Alltags"},"content":{"rendered":"<p><a href=\"https:\/\/www.diabsite.de\/aktuelles\/nachrichten\/2007\/070516d.html\" title=\"zur Nachricht\" target=\"_blank\"><img loading=\"lazy\" decoding=\"async\" class=\"alignright\" src=\"https:\/\/www.diabsite.de\/diabetes-weblog\/wp-content\/themes\/diabsite\/images\/070516d.jpg\" width=\"120\" height=\"159\" alt=\"Dr. rer. nat. Lange\" title=\"Dr. rer. nat. Lange\" \/><\/a>Vortrag von <abbr title=\"Privatdozentin\">PD<\/abbr> Dr.&nbsp;rer.&nbsp;nat. Karin Lange, Medizinische Psychologie, Medizinische Hochschule Hannover, auf der DDG-Jahrestagung:<\/p>\n<p>Die steigende Pr\u00e4valenz von \u00dcbergewicht und Diabetes gibt in den westlichen industrialisierten Gesellschaften ebenso wie weltweit Anlass zu gr\u00f6\u00dfter Sorge. Dies unterstreichen Resolutionen der <abbr lang=\"en\" title=\"World Health Organization\">WHO<\/abbr> und auch aktuell der UNO. Die mit \u00dcbergewicht und Adipositas verbundenen Gesundheitsrisiken werden seit Jahrzehnten nicht nur in Fachkreisen diskutiert, sie sind in Deutschland l\u00e4ngst zu einem Standard der t\u00e4glichen Medienrealit\u00e4t geworden: keine Frauenzeitschrift ohne Rezepte zur Gewichtsreduktion, st\u00e4ndig rei\u00dferische TV-Reportagen \u00fcber extrem adip\u00f6se Kinder, die Vielzahl der graphischen Umsetzungen der Ern\u00e4hrungspyramide in Brosch\u00fcren f\u00fcr jedwede Bev\u00f6lkerungsgruppe ist kaum noch \u00fcberschaubar.  <a href=\"https:\/\/www.diabsite.de\/aktuelles\/nachrichten\/2007\/070516d.html\" title=\"zur Nachricht\" target=\"_blank\">Abstract lesen<\/a><\/p>\n","protected":false},"excerpt":{"rendered":"<p>Vortrag von PD Dr.&nbsp;rer.&nbsp;nat. Karin Lange, Medizinische Psychologie, Medizinische Hochschule Hannover, auf der DDG-Jahrestagung: Die steigende Pr\u00e4valenz von \u00dcbergewicht und Diabetes gibt in den westlichen industrialisierten Gesellschaften ebenso wie weltweit Anlass zu gr\u00f6\u00dfter Sorge. Dies unterstreichen Resolutionen der WHO und auch aktuell der UNO. Die mit \u00dcbergewicht und Adipositas verbundenen Gesundheitsrisiken werden seit Jahrzehnten nicht [&hellip;]<\/p>\n","protected":false},"author":2,"featured_media":0,"comment_status":"closed","ping_status":"open","sticky":false,"template":"","format":"standard","meta":{"footnotes":""},"categories":[2],"tags":[],"_links":{"self":[{"href":"https:\/\/www.diabsite.de\/diabetes-weblog\/wp-json\/wp\/v2\/posts\/1642"}],"collection":[{"href":"https:\/\/www.diabsite.de\/diabetes-weblog\/wp-json\/wp\/v2\/posts"}],"about":[{"href":"https:\/\/www.diabsite.de\/diabetes-weblog\/wp-json\/wp\/v2\/types\/post"}],"author":[{"embeddable":true,"href":"https:\/\/www.diabsite.de\/diabetes-weblog\/wp-json\/wp\/v2\/users\/2"}],"replies":[{"embeddable":true,"href":"https:\/\/www.diabsite.de\/diabetes-weblog\/wp-json\/wp\/v2\/comments?post=1642"}],"version-history":[{"count":0,"href":"https:\/\/www.diabsite.de\/diabetes-weblog\/wp-json\/wp\/v2\/posts\/1642\/revisions"}],"wp:attachment":[{"href":"https:\/\/www.diabsite.de\/diabetes-weblog\/wp-json\/wp\/v2\/media?parent=1642"}],"wp:term":[{"taxonomy":"category","embeddable":true,"href":"https:\/\/www.diabsite.de\/diabetes-weblog\/wp-json\/wp\/v2\/categories?post=1642"},{"taxonomy":"post_tag","embeddable":true,"href":"https:\/\/www.diabsite.de\/diabetes-weblog\/wp-json\/wp\/v2\/tags?post=1642"}],"curies":[{"name":"wp","href":"https:\/\/api.w.org\/{rel}","templated":true}]}}