{"id":13647,"date":"2011-05-28T17:14:06","date_gmt":"2011-05-28T15:14:06","guid":{"rendered":"http:\/\/www.diabsite.de\/diabetes-weblog\/?p=13647"},"modified":"2011-05-31T14:24:35","modified_gmt":"2011-05-31T12:24:35","slug":"laufer-fordern-mehr-diabetes-pravention","status":"publish","type":"post","link":"https:\/\/www.diabsite.de\/diabetes-weblog\/2011\/05\/28\/laufer-fordern-mehr-diabetes-pravention\/","title":{"rendered":"L\u00e4ufer fordern mehr Diabetes-Pr\u00e4vention"},"content":{"rendered":"<p>Der Allgemeinmediziner Eberhard Helm (59 Jahre) aus dem fr\u00e4nkischen Ostheim engagiert sich seit Jahren f\u00fcr Pr\u00e4ventionsprojekte mit Jugendlichen in der Region. Der Landarzt stellt mit Erschrecken das stetige Anwachsen von \u00dcbergewicht und Adipositas sowie Typ-2-Diabetes fest. Doch eine finanzielle Unterst\u00fctzung f\u00fcr pr\u00e4ventive Aktivit\u00e4ten seitens des Bundes fehlt bis heute. Jetzt l\u00e4uft er mit 30 weiteren L\u00e4ufern 470&nbsp;km vom bayerischen Bad&nbsp;K\u00f6nigshofen bis zum Bundesgesundheitsministerium ist Berlin, um auf die Missst\u00e4nde im Bereich Pr\u00e4vention aufmerksam zu machen. <a href=\"https:\/\/www.diabsite.de\/aktuelles\/nachrichten\/2011\/110528.html\" target=\"_blank\" class=\"ds\" title=\"zur Nachricht (neues Fenster)\">Nachricht lesen<\/a><\/p>\n","protected":false},"excerpt":{"rendered":"<p>Der Allgemeinmediziner Eberhard Helm (59 Jahre) aus dem fr\u00e4nkischen Ostheim engagiert sich seit Jahren f\u00fcr Pr\u00e4ventionsprojekte mit Jugendlichen in der Region. Der Landarzt stellt mit Erschrecken das stetige Anwachsen von \u00dcbergewicht und Adipositas sowie Typ-2-Diabetes fest. Doch eine finanzielle Unterst\u00fctzung f\u00fcr pr\u00e4ventive Aktivit\u00e4ten seitens des Bundes fehlt bis heute. Jetzt l\u00e4uft er mit 30 weiteren [&hellip;]<\/p>\n","protected":false},"author":4,"featured_media":0,"comment_status":"open","ping_status":"closed","sticky":false,"template":"","format":"standard","meta":{"footnotes":""},"categories":[2],"tags":[],"_links":{"self":[{"href":"https:\/\/www.diabsite.de\/diabetes-weblog\/wp-json\/wp\/v2\/posts\/13647"}],"collection":[{"href":"https:\/\/www.diabsite.de\/diabetes-weblog\/wp-json\/wp\/v2\/posts"}],"about":[{"href":"https:\/\/www.diabsite.de\/diabetes-weblog\/wp-json\/wp\/v2\/types\/post"}],"author":[{"embeddable":true,"href":"https:\/\/www.diabsite.de\/diabetes-weblog\/wp-json\/wp\/v2\/users\/4"}],"replies":[{"embeddable":true,"href":"https:\/\/www.diabsite.de\/diabetes-weblog\/wp-json\/wp\/v2\/comments?post=13647"}],"version-history":[{"count":5,"href":"https:\/\/www.diabsite.de\/diabetes-weblog\/wp-json\/wp\/v2\/posts\/13647\/revisions"}],"predecessor-version":[{"id":13652,"href":"https:\/\/www.diabsite.de\/diabetes-weblog\/wp-json\/wp\/v2\/posts\/13647\/revisions\/13652"}],"wp:attachment":[{"href":"https:\/\/www.diabsite.de\/diabetes-weblog\/wp-json\/wp\/v2\/media?parent=13647"}],"wp:term":[{"taxonomy":"category","embeddable":true,"href":"https:\/\/www.diabsite.de\/diabetes-weblog\/wp-json\/wp\/v2\/categories?post=13647"},{"taxonomy":"post_tag","embeddable":true,"href":"https:\/\/www.diabsite.de\/diabetes-weblog\/wp-json\/wp\/v2\/tags?post=13647"}],"curies":[{"name":"wp","href":"https:\/\/api.w.org\/{rel}","templated":true}]}}