{"id":13399,"date":"2009-06-25T13:02:39","date_gmt":"2009-06-25T11:02:39","guid":{"rendered":"http:\/\/www.diabsite.de\/diabetes-weblog\/?p=13399"},"modified":"2011-05-15T18:08:43","modified_gmt":"2011-05-15T16:08:43","slug":"deutschland-kommt-in-form","status":"publish","type":"post","link":"https:\/\/www.diabsite.de\/diabetes-weblog\/2009\/06\/25\/deutschland-kommt-in-form\/","title":{"rendered":"Deutschland kommt IN FORM"},"content":{"rendered":"<p>&#8222;Deutschland kommt IN FORM. Wir haben in den vergangenen Monaten durch unsere zahlreichen Projekte und Aktionen viele Menschen zu einem ges\u00fcnderen Lebensstil motivieren k\u00f6nnen&#8220;, sagten die Bundesministerinnen Ilse Aigner und Ulla Schmidt anl\u00e4sslich des 1.&nbsp;Jahrestags des Nationalen Aktionsplans &#8222;IN FORM&nbsp;&#8211; Deutschlands Initiative f\u00fcr gesunde Ern\u00e4hrung und mehr Bewegung&#8220;. <a href=\"https:\/\/www.diabsite.de\/aktuelles\/nachrichten\/2009\/090625c.html\" target=\"_blank\" class=\"ds\" title=\"zur Nachricht (neues Fenster)\">Nachricht lesen<\/a><\/p>\n","protected":false},"excerpt":{"rendered":"<p>&#8222;Deutschland kommt IN FORM. Wir haben in den vergangenen Monaten durch unsere zahlreichen Projekte und Aktionen viele Menschen zu einem ges\u00fcnderen Lebensstil motivieren k\u00f6nnen&#8220;, sagten die Bundesministerinnen Ilse Aigner und Ulla Schmidt anl\u00e4sslich des 1.&nbsp;Jahrestags des Nationalen Aktionsplans &#8222;IN FORM&nbsp;&#8211; Deutschlands Initiative f\u00fcr gesunde Ern\u00e4hrung und mehr Bewegung&#8220;. Nachricht lesen<\/p>\n","protected":false},"author":4,"featured_media":0,"comment_status":"open","ping_status":"closed","sticky":false,"template":"","format":"standard","meta":{"footnotes":""},"categories":[2],"tags":[],"_links":{"self":[{"href":"https:\/\/www.diabsite.de\/diabetes-weblog\/wp-json\/wp\/v2\/posts\/13399"}],"collection":[{"href":"https:\/\/www.diabsite.de\/diabetes-weblog\/wp-json\/wp\/v2\/posts"}],"about":[{"href":"https:\/\/www.diabsite.de\/diabetes-weblog\/wp-json\/wp\/v2\/types\/post"}],"author":[{"embeddable":true,"href":"https:\/\/www.diabsite.de\/diabetes-weblog\/wp-json\/wp\/v2\/users\/4"}],"replies":[{"embeddable":true,"href":"https:\/\/www.diabsite.de\/diabetes-weblog\/wp-json\/wp\/v2\/comments?post=13399"}],"version-history":[{"count":5,"href":"https:\/\/www.diabsite.de\/diabetes-weblog\/wp-json\/wp\/v2\/posts\/13399\/revisions"}],"predecessor-version":[{"id":13404,"href":"https:\/\/www.diabsite.de\/diabetes-weblog\/wp-json\/wp\/v2\/posts\/13399\/revisions\/13404"}],"wp:attachment":[{"href":"https:\/\/www.diabsite.de\/diabetes-weblog\/wp-json\/wp\/v2\/media?parent=13399"}],"wp:term":[{"taxonomy":"category","embeddable":true,"href":"https:\/\/www.diabsite.de\/diabetes-weblog\/wp-json\/wp\/v2\/categories?post=13399"},{"taxonomy":"post_tag","embeddable":true,"href":"https:\/\/www.diabsite.de\/diabetes-weblog\/wp-json\/wp\/v2\/tags?post=13399"}],"curies":[{"name":"wp","href":"https:\/\/api.w.org\/{rel}","templated":true}]}}