{"id":12974,"date":"2011-02-17T23:09:55","date_gmt":"2011-02-17T21:09:55","guid":{"rendered":"http:\/\/www.diabsite.de\/diabetes-weblog\/?p=12974"},"modified":"2011-04-09T21:03:03","modified_gmt":"2011-04-09T19:03:03","slug":"g-ba-erhoht-transparenz","status":"publish","type":"post","link":"https:\/\/www.diabsite.de\/diabetes-weblog\/2011\/02\/17\/g-ba-erhoht-transparenz\/","title":{"rendered":"G-BA erh\u00f6ht Transparenz"},"content":{"rendered":"<p>Ab dem 1. M\u00e4rz 2011 wird der Gemeinsame Bundesausschuss&nbsp;(G-BA) seine im Internet ver\u00f6ffentliche Tagesordnung f\u00fcr die monatliche Plenums-Sitzung mit erl\u00e4uternden Informationen versehen. Dadurch sollen die meist komplexen zur Beratung vorgesehenen Sachverhalte auch f\u00fcr die interessierte \u00d6ffentlichkeit besser verst\u00e4ndlich werden, als dies bisher der Fall ist. <a href=\"https:\/\/www.diabsite.de\/aktuelles\/nachrichten\/2011\/110217b.html\" target=\"_blank\" class=\"ds\" title=\"zur Nachricht (neues Fenster)\">Nachricht lesen<\/a><\/p>\n","protected":false},"excerpt":{"rendered":"<p>Ab dem 1. M\u00e4rz 2011 wird der Gemeinsame Bundesausschuss&nbsp;(G-BA) seine im Internet ver\u00f6ffentliche Tagesordnung f\u00fcr die monatliche Plenums-Sitzung mit erl\u00e4uternden Informationen versehen. Dadurch sollen die meist komplexen zur Beratung vorgesehenen Sachverhalte auch f\u00fcr die interessierte \u00d6ffentlichkeit besser verst\u00e4ndlich werden, als dies bisher der Fall ist. Nachricht lesen<\/p>\n","protected":false},"author":4,"featured_media":0,"comment_status":"open","ping_status":"closed","sticky":false,"template":"","format":"standard","meta":{"footnotes":""},"categories":[2],"tags":[],"_links":{"self":[{"href":"https:\/\/www.diabsite.de\/diabetes-weblog\/wp-json\/wp\/v2\/posts\/12974"}],"collection":[{"href":"https:\/\/www.diabsite.de\/diabetes-weblog\/wp-json\/wp\/v2\/posts"}],"about":[{"href":"https:\/\/www.diabsite.de\/diabetes-weblog\/wp-json\/wp\/v2\/types\/post"}],"author":[{"embeddable":true,"href":"https:\/\/www.diabsite.de\/diabetes-weblog\/wp-json\/wp\/v2\/users\/4"}],"replies":[{"embeddable":true,"href":"https:\/\/www.diabsite.de\/diabetes-weblog\/wp-json\/wp\/v2\/comments?post=12974"}],"version-history":[{"count":4,"href":"https:\/\/www.diabsite.de\/diabetes-weblog\/wp-json\/wp\/v2\/posts\/12974\/revisions"}],"predecessor-version":[{"id":12978,"href":"https:\/\/www.diabsite.de\/diabetes-weblog\/wp-json\/wp\/v2\/posts\/12974\/revisions\/12978"}],"wp:attachment":[{"href":"https:\/\/www.diabsite.de\/diabetes-weblog\/wp-json\/wp\/v2\/media?parent=12974"}],"wp:term":[{"taxonomy":"category","embeddable":true,"href":"https:\/\/www.diabsite.de\/diabetes-weblog\/wp-json\/wp\/v2\/categories?post=12974"},{"taxonomy":"post_tag","embeddable":true,"href":"https:\/\/www.diabsite.de\/diabetes-weblog\/wp-json\/wp\/v2\/tags?post=12974"}],"curies":[{"name":"wp","href":"https:\/\/api.w.org\/{rel}","templated":true}]}}