{"id":12612,"date":"2011-02-28T22:26:07","date_gmt":"2011-02-28T21:26:07","guid":{"rendered":"http:\/\/www.diabsite.de\/diabetes-weblog\/?p=12612"},"modified":"2011-03-07T23:32:44","modified_gmt":"2011-03-07T22:32:44","slug":"bundeskanzlerin-merkel-lasst-sich-blutzuckermessgerat-glucotel-vorfuhren","status":"publish","type":"post","link":"https:\/\/www.diabsite.de\/diabetes-weblog\/2011\/02\/28\/bundeskanzlerin-merkel-lasst-sich-blutzuckermessgerat-glucotel-vorfuhren\/","title":{"rendered":"Bundeskanzlerin Merkel l\u00e4sst sich Blutzuckermessger\u00e4t GlucoTel vorf\u00fchren"},"content":{"rendered":"<p><a href=\"https:\/\/www.diabsite.de\/aktuelles\/nachrichten\/2011\/110228b.html\" target=\"_blank\" class=\"ds\" title=\"zur Nachricht (neues Fenster)\"><img loading=\"lazy\" decoding=\"async\" class=\"alignright\" src=\"https:\/\/www.diabsite.de\/diabetes-weblog\/wp-content\/images\/2011\/110228b.jpg\" width=\"150\" height=\"106\" alt=\"Bundeskanzlerin Merkel bei der Vorf\u00fchrung des Blutzuckermessger\u00e4ts GlucoTel\" \/><\/a> Bundeskanzlerin Dr. Angela Merkel besuchte gemeinsam mit dem baden-w\u00fcrttembergischen Ministerpr\u00e4sidenten Stefan Mappus, Telekom-Vorstandsvorsitzenden Ren\u00e9 Obermann, T-Systems-Chef Reinhard Clemens und Friedrichshafens Oberb\u00fcrgermeister Andreas Brand anl\u00e4sslich des T-City-Tags die Modellstadt in Friedrichshafen. <a href=\"https:\/\/www.diabsite.de\/aktuelles\/nachrichten\/2011\/110228b.html\" target=\"_blank\" class=\"ds\" title=\"zur Nachricht (neues Fenster)\">Nachricht lesen<\/a><\/p>\n","protected":false},"excerpt":{"rendered":"<p>Bundeskanzlerin Dr. Angela Merkel besuchte gemeinsam mit dem baden-w\u00fcrttembergischen Ministerpr\u00e4sidenten Stefan Mappus, Telekom-Vorstandsvorsitzenden Ren\u00e9 Obermann, T-Systems-Chef Reinhard Clemens und Friedrichshafens Oberb\u00fcrgermeister Andreas Brand anl\u00e4sslich des T-City-Tags die Modellstadt in Friedrichshafen. Nachricht lesen<\/p>\n","protected":false},"author":4,"featured_media":0,"comment_status":"open","ping_status":"closed","sticky":false,"template":"","format":"standard","meta":{"footnotes":""},"categories":[2],"tags":[],"_links":{"self":[{"href":"https:\/\/www.diabsite.de\/diabetes-weblog\/wp-json\/wp\/v2\/posts\/12612"}],"collection":[{"href":"https:\/\/www.diabsite.de\/diabetes-weblog\/wp-json\/wp\/v2\/posts"}],"about":[{"href":"https:\/\/www.diabsite.de\/diabetes-weblog\/wp-json\/wp\/v2\/types\/post"}],"author":[{"embeddable":true,"href":"https:\/\/www.diabsite.de\/diabetes-weblog\/wp-json\/wp\/v2\/users\/4"}],"replies":[{"embeddable":true,"href":"https:\/\/www.diabsite.de\/diabetes-weblog\/wp-json\/wp\/v2\/comments?post=12612"}],"version-history":[{"count":4,"href":"https:\/\/www.diabsite.de\/diabetes-weblog\/wp-json\/wp\/v2\/posts\/12612\/revisions"}],"predecessor-version":[{"id":12616,"href":"https:\/\/www.diabsite.de\/diabetes-weblog\/wp-json\/wp\/v2\/posts\/12612\/revisions\/12616"}],"wp:attachment":[{"href":"https:\/\/www.diabsite.de\/diabetes-weblog\/wp-json\/wp\/v2\/media?parent=12612"}],"wp:term":[{"taxonomy":"category","embeddable":true,"href":"https:\/\/www.diabsite.de\/diabetes-weblog\/wp-json\/wp\/v2\/categories?post=12612"},{"taxonomy":"post_tag","embeddable":true,"href":"https:\/\/www.diabsite.de\/diabetes-weblog\/wp-json\/wp\/v2\/tags?post=12612"}],"curies":[{"name":"wp","href":"https:\/\/api.w.org\/{rel}","templated":true}]}}