{"id":1254,"date":"2006-11-28T17:50:59","date_gmt":"2006-11-28T16:50:59","guid":{"rendered":"http:\/\/www.diabsite.de\/diabetes-weblog\/2006\/11\/28\/initiative-zur-pravention-von-ubergewicht-und-diabetes\/"},"modified":"2006-11-28T19:22:54","modified_gmt":"2006-11-28T18:22:54","slug":"initiative-zur-pravention-von-ubergewicht-und-diabetes","status":"publish","type":"post","link":"https:\/\/www.diabsite.de\/diabetes-weblog\/2006\/11\/28\/initiative-zur-pravention-von-ubergewicht-und-diabetes\/","title":{"rendered":"Initiative zur Pr\u00e4vention von \u00dcbergewicht und Diabetes"},"content":{"rendered":"<p>&#8222;Auf die Pl\u00e4tze, fertig, los!&#8220; An 50 Standorten in ganz Deutschland fiel dieser Startschuss jedes Mal, wenn interessierte B\u00fcrger und Prominente in die Pedale des Kettler-Ergometers BayRad traten. Insgesamt wurden in diesem Jahr gut 19.000&nbsp;Kilometer erradelt, das entspricht einer Strecke von Deutschland bis Neuseeland! Wie schon in den vergangenen Jahren wandelt Bayer Vital die Kilometer in Euro um und spendet sie f\u00fcr ein Pr\u00e4ventionsprojekt. <a href=\"https:\/\/www.diabsite.de\/aktuelles\/nachrichten\/2006\/061128.html\" title=\"zur Nachricht\" target=\"_blank\">Nachricht lesen<\/a><\/p>\n","protected":false},"excerpt":{"rendered":"<p>&#8222;Auf die Pl\u00e4tze, fertig, los!&#8220; An 50 Standorten in ganz Deutschland fiel dieser Startschuss jedes Mal, wenn interessierte B\u00fcrger und Prominente in die Pedale des Kettler-Ergometers BayRad traten. Insgesamt wurden in diesem Jahr gut 19.000&nbsp;Kilometer erradelt, das entspricht einer Strecke von Deutschland bis Neuseeland! Wie schon in den vergangenen Jahren wandelt Bayer Vital die Kilometer [&hellip;]<\/p>\n","protected":false},"author":4,"featured_media":0,"comment_status":"closed","ping_status":"open","sticky":false,"template":"","format":"standard","meta":{"footnotes":""},"categories":[2],"tags":[],"_links":{"self":[{"href":"https:\/\/www.diabsite.de\/diabetes-weblog\/wp-json\/wp\/v2\/posts\/1254"}],"collection":[{"href":"https:\/\/www.diabsite.de\/diabetes-weblog\/wp-json\/wp\/v2\/posts"}],"about":[{"href":"https:\/\/www.diabsite.de\/diabetes-weblog\/wp-json\/wp\/v2\/types\/post"}],"author":[{"embeddable":true,"href":"https:\/\/www.diabsite.de\/diabetes-weblog\/wp-json\/wp\/v2\/users\/4"}],"replies":[{"embeddable":true,"href":"https:\/\/www.diabsite.de\/diabetes-weblog\/wp-json\/wp\/v2\/comments?post=1254"}],"version-history":[{"count":0,"href":"https:\/\/www.diabsite.de\/diabetes-weblog\/wp-json\/wp\/v2\/posts\/1254\/revisions"}],"wp:attachment":[{"href":"https:\/\/www.diabsite.de\/diabetes-weblog\/wp-json\/wp\/v2\/media?parent=1254"}],"wp:term":[{"taxonomy":"category","embeddable":true,"href":"https:\/\/www.diabsite.de\/diabetes-weblog\/wp-json\/wp\/v2\/categories?post=1254"},{"taxonomy":"post_tag","embeddable":true,"href":"https:\/\/www.diabsite.de\/diabetes-weblog\/wp-json\/wp\/v2\/tags?post=1254"}],"curies":[{"name":"wp","href":"https:\/\/api.w.org\/{rel}","templated":true}]}}