{"id":12435,"date":"2011-02-18T20:01:15","date_gmt":"2011-02-18T19:01:15","guid":{"rendered":"http:\/\/www.diabsite.de\/diabetes-weblog\/?p=12435"},"modified":"2011-02-18T20:01:15","modified_gmt":"2011-02-18T19:01:15","slug":"strategien-gegen-die-verdopplung-der-diabetes-fallzahlen","status":"publish","type":"post","link":"https:\/\/www.diabsite.de\/diabetes-weblog\/2011\/02\/18\/strategien-gegen-die-verdopplung-der-diabetes-fallzahlen\/","title":{"rendered":"Strategien gegen die Verdopplung der Diabetes-Fallzahlen"},"content":{"rendered":"<p><a href=\"https:\/\/www.diabsite.de\/aktuelles\/nachrichten\/2011\/110218.html\" target=\"_blank\" class=\"ds\" title=\"zur Nachricht (neues Fenster)\"><img loading=\"lazy\" decoding=\"async\" class=\"alignright\" src=\"https:\/\/www.diabsite.de\/diabetes-weblog\/wp-content\/images\/2011\/110218.jpg\" width=\"150\" height=\"100\" alt=\"Karin Reismann\" \/><\/a> Diabetes ist mehr als eine Krankheit, er ist dar\u00fcber hinaus eine politische, soziale und finanzielle Herausforderung. Etwa zehn bis zw\u00f6lf Prozent der Deutschen sind betroffen. &#8222;Bis 2020 k\u00f6nnte sich dieser Anteil verdoppeln&#8220;, warnte heute (18.&nbsp;Februar&nbsp;2011) Prof.&nbsp;Dr.&nbsp;med.&nbsp;Norbert Roeder. Der \u00c4rztliche Direktor des Universit\u00e4tsklinikums M\u00fcnster&nbsp;(UKM) er\u00f6ffnete die DIABETES MESSE&nbsp;2011 im Messe und Congress Centrum Halle M\u00fcnsterland. <a href=\"https:\/\/www.diabsite.de\/aktuelles\/nachrichten\/2011\/110218.html\" target=\"_blank\" class=\"ds\" title=\"zur Nachricht (neues Fenster)\">Nachricht lesen<\/a><\/p>\n","protected":false},"excerpt":{"rendered":"<p>Diabetes ist mehr als eine Krankheit, er ist dar\u00fcber hinaus eine politische, soziale und finanzielle Herausforderung. Etwa zehn bis zw\u00f6lf Prozent der Deutschen sind betroffen. &#8222;Bis 2020 k\u00f6nnte sich dieser Anteil verdoppeln&#8220;, warnte heute (18.&nbsp;Februar&nbsp;2011) Prof.&nbsp;Dr.&nbsp;med.&nbsp;Norbert Roeder. Der \u00c4rztliche Direktor des Universit\u00e4tsklinikums M\u00fcnster&nbsp;(UKM) er\u00f6ffnete die DIABETES MESSE&nbsp;2011 im Messe und Congress Centrum Halle M\u00fcnsterland. Nachricht [&hellip;]<\/p>\n","protected":false},"author":4,"featured_media":0,"comment_status":"open","ping_status":"closed","sticky":false,"template":"","format":"standard","meta":{"footnotes":""},"categories":[2],"tags":[],"_links":{"self":[{"href":"https:\/\/www.diabsite.de\/diabetes-weblog\/wp-json\/wp\/v2\/posts\/12435"}],"collection":[{"href":"https:\/\/www.diabsite.de\/diabetes-weblog\/wp-json\/wp\/v2\/posts"}],"about":[{"href":"https:\/\/www.diabsite.de\/diabetes-weblog\/wp-json\/wp\/v2\/types\/post"}],"author":[{"embeddable":true,"href":"https:\/\/www.diabsite.de\/diabetes-weblog\/wp-json\/wp\/v2\/users\/4"}],"replies":[{"embeddable":true,"href":"https:\/\/www.diabsite.de\/diabetes-weblog\/wp-json\/wp\/v2\/comments?post=12435"}],"version-history":[{"count":2,"href":"https:\/\/www.diabsite.de\/diabetes-weblog\/wp-json\/wp\/v2\/posts\/12435\/revisions"}],"predecessor-version":[{"id":12437,"href":"https:\/\/www.diabsite.de\/diabetes-weblog\/wp-json\/wp\/v2\/posts\/12435\/revisions\/12437"}],"wp:attachment":[{"href":"https:\/\/www.diabsite.de\/diabetes-weblog\/wp-json\/wp\/v2\/media?parent=12435"}],"wp:term":[{"taxonomy":"category","embeddable":true,"href":"https:\/\/www.diabsite.de\/diabetes-weblog\/wp-json\/wp\/v2\/categories?post=12435"},{"taxonomy":"post_tag","embeddable":true,"href":"https:\/\/www.diabsite.de\/diabetes-weblog\/wp-json\/wp\/v2\/tags?post=12435"}],"curies":[{"name":"wp","href":"https:\/\/api.w.org\/{rel}","templated":true}]}}