{"id":12359,"date":"2011-02-09T22:06:17","date_gmt":"2011-02-09T21:06:17","guid":{"rendered":"http:\/\/www.diabsite.de\/diabetes-weblog\/?p=12359"},"modified":"2011-02-09T22:36:19","modified_gmt":"2011-02-09T21:36:19","slug":"diabetes-kalender-informiert-2","status":"publish","type":"post","link":"https:\/\/www.diabsite.de\/diabetes-weblog\/2011\/02\/09\/diabetes-kalender-informiert-2\/","title":{"rendered":"Der Diabetes-Kalender informiert"},"content":{"rendered":"<p>Diabetiker, Interessierte und Diabetes-Experten informieren sich im gro\u00dfen Diabetes-Kalender auf der DiabSite. Regelm\u00e4\u00dfig stellen wir Ihnen an dieser Stelle exemplarisch drei Veranstaltungen vor:<\/p>\n<p>&#8211; 16.02.2011 &#8211; <strong>Ingolstadt<\/strong> &#8211; Diabetes und Psyche<br \/>\n&#8211; 14.03.2011 &#8211; <strong>Gro\u00df Gerau<\/strong> &#8211; Trifft der Zucker mich?<br \/>\n&#8211; 13.04.2011 &#8211; <strong>Offenburg<\/strong> &#8211; Zahnpflege bei Diabetes<\/p>\n<p>Diese <a href=\"https:\/\/www.diabsite.de\/aktuelles\/termine\/index.html\" target=\"_blank\" class=\"ds\" title=\"neues Fenster\">Termine<\/a> und Monat f\u00fcr Monat viele weitere Hinweise zu Diabetikertagen, Treffen von Selbsthilfegruppen, Kongressen und Symposien zeigen Ihnen, wo und wann sich Diabetes-Interessierte treffen.<\/p>\n","protected":false},"excerpt":{"rendered":"<p>Diabetiker, Interessierte und Diabetes-Experten informieren sich im gro\u00dfen Diabetes-Kalender auf der DiabSite. Regelm\u00e4\u00dfig stellen wir Ihnen an dieser Stelle exemplarisch drei Veranstaltungen vor: &#8211; 16.02.2011 &#8211; Ingolstadt &#8211; Diabetes und Psyche &#8211; 14.03.2011 &#8211; Gro\u00df Gerau &#8211; Trifft der Zucker mich? &#8211; 13.04.2011 &#8211; Offenburg &#8211; Zahnpflege bei Diabetes Diese Termine und Monat f\u00fcr Monat [&hellip;]<\/p>\n","protected":false},"author":4,"featured_media":0,"comment_status":"open","ping_status":"closed","sticky":false,"template":"","format":"standard","meta":{"footnotes":""},"categories":[1],"tags":[],"_links":{"self":[{"href":"https:\/\/www.diabsite.de\/diabetes-weblog\/wp-json\/wp\/v2\/posts\/12359"}],"collection":[{"href":"https:\/\/www.diabsite.de\/diabetes-weblog\/wp-json\/wp\/v2\/posts"}],"about":[{"href":"https:\/\/www.diabsite.de\/diabetes-weblog\/wp-json\/wp\/v2\/types\/post"}],"author":[{"embeddable":true,"href":"https:\/\/www.diabsite.de\/diabetes-weblog\/wp-json\/wp\/v2\/users\/4"}],"replies":[{"embeddable":true,"href":"https:\/\/www.diabsite.de\/diabetes-weblog\/wp-json\/wp\/v2\/comments?post=12359"}],"version-history":[{"count":6,"href":"https:\/\/www.diabsite.de\/diabetes-weblog\/wp-json\/wp\/v2\/posts\/12359\/revisions"}],"predecessor-version":[{"id":12374,"href":"https:\/\/www.diabsite.de\/diabetes-weblog\/wp-json\/wp\/v2\/posts\/12359\/revisions\/12374"}],"wp:attachment":[{"href":"https:\/\/www.diabsite.de\/diabetes-weblog\/wp-json\/wp\/v2\/media?parent=12359"}],"wp:term":[{"taxonomy":"category","embeddable":true,"href":"https:\/\/www.diabsite.de\/diabetes-weblog\/wp-json\/wp\/v2\/categories?post=12359"},{"taxonomy":"post_tag","embeddable":true,"href":"https:\/\/www.diabsite.de\/diabetes-weblog\/wp-json\/wp\/v2\/tags?post=12359"}],"curies":[{"name":"wp","href":"https:\/\/api.w.org\/{rel}","templated":true}]}}