{"id":1227,"date":"2006-11-17T13:02:25","date_gmt":"2006-11-17T12:02:25","guid":{"rendered":"http:\/\/www.diabsite.de\/diabetes-weblog\/2006\/11\/17\/iqwig-anhorung-verdeutlicht-mangel-im-verfahren\/"},"modified":"2006-11-17T13:03:13","modified_gmt":"2006-11-17T12:03:13","slug":"iqwig-anhorung-verdeutlicht-mangel-im-verfahren","status":"publish","type":"post","link":"https:\/\/www.diabsite.de\/diabetes-weblog\/2006\/11\/17\/iqwig-anhorung-verdeutlicht-mangel-im-verfahren\/","title":{"rendered":"IQWiG-Anh\u00f6rung verdeutlicht M\u00e4ngel im Verfahren"},"content":{"rendered":"<p>Tats\u00e4chlich, so die Novo Nordisk Pharma&nbsp;GmbH in einer Stellungnahme zum Eklat bei der Anh\u00f6rung, sei diese lediglich &#8222;Rechtfertigung f\u00fcr vermeintliche Transparenz und \u00d6ffentlichkeit&#8220; gewesen. Der Verlauf der Anh\u00f6rung habe gezeigt, so das Unternehmen, &#8222;dass eine inhaltliche Auseinandersetzung mit den Betroffenen und Interessenvertretern nicht angestrebt wird&#8220;. <a href=\"https:\/\/www.diabsite.de\/aktuelles\/nachrichten\/2006\/061117.html\" title=\"zur Nachricht\" target=\"_blank\">Nachricht lesen<\/a><\/p>\n","protected":false},"excerpt":{"rendered":"<p>Tats\u00e4chlich, so die Novo Nordisk Pharma&nbsp;GmbH in einer Stellungnahme zum Eklat bei der Anh\u00f6rung, sei diese lediglich &#8222;Rechtfertigung f\u00fcr vermeintliche Transparenz und \u00d6ffentlichkeit&#8220; gewesen. Der Verlauf der Anh\u00f6rung habe gezeigt, so das Unternehmen, &#8222;dass eine inhaltliche Auseinandersetzung mit den Betroffenen und Interessenvertretern nicht angestrebt wird&#8220;. Nachricht lesen<\/p>\n","protected":false},"author":2,"featured_media":0,"comment_status":"closed","ping_status":"open","sticky":false,"template":"","format":"standard","meta":{"footnotes":""},"categories":[2],"tags":[],"_links":{"self":[{"href":"https:\/\/www.diabsite.de\/diabetes-weblog\/wp-json\/wp\/v2\/posts\/1227"}],"collection":[{"href":"https:\/\/www.diabsite.de\/diabetes-weblog\/wp-json\/wp\/v2\/posts"}],"about":[{"href":"https:\/\/www.diabsite.de\/diabetes-weblog\/wp-json\/wp\/v2\/types\/post"}],"author":[{"embeddable":true,"href":"https:\/\/www.diabsite.de\/diabetes-weblog\/wp-json\/wp\/v2\/users\/2"}],"replies":[{"embeddable":true,"href":"https:\/\/www.diabsite.de\/diabetes-weblog\/wp-json\/wp\/v2\/comments?post=1227"}],"version-history":[{"count":0,"href":"https:\/\/www.diabsite.de\/diabetes-weblog\/wp-json\/wp\/v2\/posts\/1227\/revisions"}],"wp:attachment":[{"href":"https:\/\/www.diabsite.de\/diabetes-weblog\/wp-json\/wp\/v2\/media?parent=1227"}],"wp:term":[{"taxonomy":"category","embeddable":true,"href":"https:\/\/www.diabsite.de\/diabetes-weblog\/wp-json\/wp\/v2\/categories?post=1227"},{"taxonomy":"post_tag","embeddable":true,"href":"https:\/\/www.diabsite.de\/diabetes-weblog\/wp-json\/wp\/v2\/tags?post=1227"}],"curies":[{"name":"wp","href":"https:\/\/api.w.org\/{rel}","templated":true}]}}