{"id":1225,"date":"2006-11-16T21:12:47","date_gmt":"2006-11-16T20:12:47","guid":{"rendered":"http:\/\/www.diabsite.de\/diabetes-weblog\/2006\/11\/16\/in-puncto-transparenz-muss-sich-das-iqwig-bewegen\/"},"modified":"2006-11-16T21:12:47","modified_gmt":"2006-11-16T20:12:47","slug":"in-puncto-transparenz-muss-sich-das-iqwig-bewegen","status":"publish","type":"post","link":"https:\/\/www.diabsite.de\/diabetes-weblog\/2006\/11\/16\/in-puncto-transparenz-muss-sich-das-iqwig-bewegen\/","title":{"rendered":"In puncto Transparenz muss sich das IQWiG bewegen!"},"content":{"rendered":"<p>Dies meint jedenfalls der Gesch\u00e4ftsf\u00fchrer Gesundheits\u00f6konomie vom Verband Forschender Arzneimittelhersteller, Dr.&nbsp;Steffen Wahler, nach dem Streit bei der Anh\u00f6rung zum Vorbericht &#8222;Kurzwirksame Insulinanaloga zur Behandlung des Diabetes mellitus Typ&nbsp;1&#8220; im IQWiG. Es k\u00f6nne nicht sein, dass ausgerechnet Patientenvertreter das Gespr\u00e4ch nicht aufzeichnen k\u00f6nnten, um anschlie\u00dfend zu pr\u00fcfen, ob ihre Position im Abschlussbericht des Instituts sp\u00e4ter auch angemessen wiedergegeben wird. <a href=\"https:\/\/www.diabsite.de\/aktuelles\/nachrichten\/2006\/061116c.html\" title=\"zur Nachricht\" target=\"_blank\">Nachricht lesen<\/a><\/p>\n","protected":false},"excerpt":{"rendered":"<p>Dies meint jedenfalls der Gesch\u00e4ftsf\u00fchrer Gesundheits\u00f6konomie vom Verband Forschender Arzneimittelhersteller, Dr.&nbsp;Steffen Wahler, nach dem Streit bei der Anh\u00f6rung zum Vorbericht &#8222;Kurzwirksame Insulinanaloga zur Behandlung des Diabetes mellitus Typ&nbsp;1&#8220; im IQWiG. Es k\u00f6nne nicht sein, dass ausgerechnet Patientenvertreter das Gespr\u00e4ch nicht aufzeichnen k\u00f6nnten, um anschlie\u00dfend zu pr\u00fcfen, ob ihre Position im Abschlussbericht des Instituts sp\u00e4ter auch [&hellip;]<\/p>\n","protected":false},"author":4,"featured_media":0,"comment_status":"closed","ping_status":"open","sticky":false,"template":"","format":"standard","meta":{"footnotes":""},"categories":[2],"tags":[],"_links":{"self":[{"href":"https:\/\/www.diabsite.de\/diabetes-weblog\/wp-json\/wp\/v2\/posts\/1225"}],"collection":[{"href":"https:\/\/www.diabsite.de\/diabetes-weblog\/wp-json\/wp\/v2\/posts"}],"about":[{"href":"https:\/\/www.diabsite.de\/diabetes-weblog\/wp-json\/wp\/v2\/types\/post"}],"author":[{"embeddable":true,"href":"https:\/\/www.diabsite.de\/diabetes-weblog\/wp-json\/wp\/v2\/users\/4"}],"replies":[{"embeddable":true,"href":"https:\/\/www.diabsite.de\/diabetes-weblog\/wp-json\/wp\/v2\/comments?post=1225"}],"version-history":[{"count":0,"href":"https:\/\/www.diabsite.de\/diabetes-weblog\/wp-json\/wp\/v2\/posts\/1225\/revisions"}],"wp:attachment":[{"href":"https:\/\/www.diabsite.de\/diabetes-weblog\/wp-json\/wp\/v2\/media?parent=1225"}],"wp:term":[{"taxonomy":"category","embeddable":true,"href":"https:\/\/www.diabsite.de\/diabetes-weblog\/wp-json\/wp\/v2\/categories?post=1225"},{"taxonomy":"post_tag","embeddable":true,"href":"https:\/\/www.diabsite.de\/diabetes-weblog\/wp-json\/wp\/v2\/tags?post=1225"}],"curies":[{"name":"wp","href":"https:\/\/api.w.org\/{rel}","templated":true}]}}