{"id":12235,"date":"2011-01-27T21:16:41","date_gmt":"2011-01-27T20:16:41","guid":{"rendered":"http:\/\/www.diabsite.de\/diabetes-weblog\/?p=12235"},"modified":"2011-01-28T00:34:25","modified_gmt":"2011-01-27T23:34:25","slug":"diabetes-und-fasten","status":"publish","type":"post","link":"https:\/\/www.diabsite.de\/diabetes-weblog\/2011\/01\/27\/diabetes-und-fasten\/","title":{"rendered":"Diabetes und Fasten"},"content":{"rendered":"<p><a href=\"https:\/\/www.diabsite.de\/aktuelles\/nachrichten\/2011\/110127.html\" target=\"_blank\" class=\"ds\" title=\"zur Nachricht (neues Fenster)\"><img loading=\"lazy\" decoding=\"async\" class=\"alignright\" src=\"https:\/\/www.diabsite.de\/diabetes-weblog\/wp-content\/images\/2011\/110127.jpg\" width=\"150\" height=\"108\" alt=\"Blutzuckermessung\" \/><\/a> Am 9. M\u00e4rz ist Aschermittwoch, es beginnt die siebenw\u00f6chige Fastenzeit. Viele Menschen wollen jetzt bewusst k\u00fcrzer treten. Ob es Fleisch ist, Alkohol, Nikotin oder S\u00fc\u00dfigkeiten \u2013 fast die H\u00e4lfte aller Deutschen h\u00e4lt den Verzicht auf bestimmte Konsum- oder Genussmittel w\u00e4hrend der Fastenzeit f\u00fcr sinnvoll, wie eine Forsa-Umfrage(1) vom Februar 2010 im Auftrag der DAK zeigt. <a href=\"https:\/\/www.diabsite.de\/aktuelles\/nachrichten\/2011\/110127.html\" target=\"_blank\" class=\"ds\" title=\"zur Nachricht (neues Fenster)\">Nachricht lesen<\/a><\/p>\n","protected":false},"excerpt":{"rendered":"<p>Am 9. M\u00e4rz ist Aschermittwoch, es beginnt die siebenw\u00f6chige Fastenzeit. Viele Menschen wollen jetzt bewusst k\u00fcrzer treten. Ob es Fleisch ist, Alkohol, Nikotin oder S\u00fc\u00dfigkeiten \u2013 fast die H\u00e4lfte aller Deutschen h\u00e4lt den Verzicht auf bestimmte Konsum- oder Genussmittel w\u00e4hrend der Fastenzeit f\u00fcr sinnvoll, wie eine Forsa-Umfrage(1) vom Februar 2010 im Auftrag der DAK zeigt. [&hellip;]<\/p>\n","protected":false},"author":4,"featured_media":0,"comment_status":"open","ping_status":"closed","sticky":false,"template":"","format":"standard","meta":{"footnotes":""},"categories":[2],"tags":[],"_links":{"self":[{"href":"https:\/\/www.diabsite.de\/diabetes-weblog\/wp-json\/wp\/v2\/posts\/12235"}],"collection":[{"href":"https:\/\/www.diabsite.de\/diabetes-weblog\/wp-json\/wp\/v2\/posts"}],"about":[{"href":"https:\/\/www.diabsite.de\/diabetes-weblog\/wp-json\/wp\/v2\/types\/post"}],"author":[{"embeddable":true,"href":"https:\/\/www.diabsite.de\/diabetes-weblog\/wp-json\/wp\/v2\/users\/4"}],"replies":[{"embeddable":true,"href":"https:\/\/www.diabsite.de\/diabetes-weblog\/wp-json\/wp\/v2\/comments?post=12235"}],"version-history":[{"count":5,"href":"https:\/\/www.diabsite.de\/diabetes-weblog\/wp-json\/wp\/v2\/posts\/12235\/revisions"}],"predecessor-version":[{"id":12240,"href":"https:\/\/www.diabsite.de\/diabetes-weblog\/wp-json\/wp\/v2\/posts\/12235\/revisions\/12240"}],"wp:attachment":[{"href":"https:\/\/www.diabsite.de\/diabetes-weblog\/wp-json\/wp\/v2\/media?parent=12235"}],"wp:term":[{"taxonomy":"category","embeddable":true,"href":"https:\/\/www.diabsite.de\/diabetes-weblog\/wp-json\/wp\/v2\/categories?post=12235"},{"taxonomy":"post_tag","embeddable":true,"href":"https:\/\/www.diabsite.de\/diabetes-weblog\/wp-json\/wp\/v2\/tags?post=12235"}],"curies":[{"name":"wp","href":"https:\/\/api.w.org\/{rel}","templated":true}]}}