{"id":1209,"date":"2006-11-14T16:27:36","date_gmt":"2006-11-14T15:27:36","guid":{"rendered":"http:\/\/www.diabsite.de\/diabetes-weblog\/2006\/11\/14\/weltdiabetestag-2006-diabetes-bei-besonderen-patientengruppen\/"},"modified":"2006-11-14T16:27:36","modified_gmt":"2006-11-14T15:27:36","slug":"weltdiabetestag-2006-diabetes-bei-besonderen-patientengruppen","status":"publish","type":"post","link":"https:\/\/www.diabsite.de\/diabetes-weblog\/2006\/11\/14\/weltdiabetestag-2006-diabetes-bei-besonderen-patientengruppen\/","title":{"rendered":"Weltdiabetestag 2006: Diabetes bei besonderen Patientengruppen"},"content":{"rendered":"<p>Als BENACHTEILIGTE definiert die IDF einen Menschen oder eine Gemeinschaft, die weniger Zugang zur Versorgung als die allgemeine Bev\u00f6lkerung hat, und GEF\u00c4HRDET ist ein Mensch oder eine Gruppe, die einem erh\u00f6hten Diabetesrisiko ausgesetzt ist. Auch die Deutsche Diabetes-Union&nbsp;(DDU) hat f\u00fcr den Weltdiabetestag&nbsp;(WDT)&nbsp;2006 &#8222;Diabetes bei besonderen Patientengruppen&#8220; thematisiert, fordert Hilfe f\u00fcr Jeden und bietet sie direkt auf der bundesweiten Hauptveranstaltung zum WDT am 14.&nbsp;November im Berliner Congress Center am Alex an. <a href=\"https:\/\/www.diabsite.de\/aktuelles\/nachrichten\/2006\/061114b.html\" title=\"zur Nachricht\" target=\"_blank\">Nachricht lesen<\/a><\/p>\n","protected":false},"excerpt":{"rendered":"<p>Als BENACHTEILIGTE definiert die IDF einen Menschen oder eine Gemeinschaft, die weniger Zugang zur Versorgung als die allgemeine Bev\u00f6lkerung hat, und GEF\u00c4HRDET ist ein Mensch oder eine Gruppe, die einem erh\u00f6hten Diabetesrisiko ausgesetzt ist. Auch die Deutsche Diabetes-Union&nbsp;(DDU) hat f\u00fcr den Weltdiabetestag&nbsp;(WDT)&nbsp;2006 &#8222;Diabetes bei besonderen Patientengruppen&#8220; thematisiert, fordert Hilfe f\u00fcr Jeden und bietet sie direkt [&hellip;]<\/p>\n","protected":false},"author":2,"featured_media":0,"comment_status":"closed","ping_status":"open","sticky":false,"template":"","format":"standard","meta":{"footnotes":""},"categories":[2],"tags":[],"_links":{"self":[{"href":"https:\/\/www.diabsite.de\/diabetes-weblog\/wp-json\/wp\/v2\/posts\/1209"}],"collection":[{"href":"https:\/\/www.diabsite.de\/diabetes-weblog\/wp-json\/wp\/v2\/posts"}],"about":[{"href":"https:\/\/www.diabsite.de\/diabetes-weblog\/wp-json\/wp\/v2\/types\/post"}],"author":[{"embeddable":true,"href":"https:\/\/www.diabsite.de\/diabetes-weblog\/wp-json\/wp\/v2\/users\/2"}],"replies":[{"embeddable":true,"href":"https:\/\/www.diabsite.de\/diabetes-weblog\/wp-json\/wp\/v2\/comments?post=1209"}],"version-history":[{"count":0,"href":"https:\/\/www.diabsite.de\/diabetes-weblog\/wp-json\/wp\/v2\/posts\/1209\/revisions"}],"wp:attachment":[{"href":"https:\/\/www.diabsite.de\/diabetes-weblog\/wp-json\/wp\/v2\/media?parent=1209"}],"wp:term":[{"taxonomy":"category","embeddable":true,"href":"https:\/\/www.diabsite.de\/diabetes-weblog\/wp-json\/wp\/v2\/categories?post=1209"},{"taxonomy":"post_tag","embeddable":true,"href":"https:\/\/www.diabsite.de\/diabetes-weblog\/wp-json\/wp\/v2\/tags?post=1209"}],"curies":[{"name":"wp","href":"https:\/\/api.w.org\/{rel}","templated":true}]}}