{"id":1205,"date":"2006-11-13T16:53:58","date_gmt":"2006-11-13T15:53:58","guid":{"rendered":"http:\/\/www.diabsite.de\/diabetes-weblog\/2006\/11\/13\/ulla-schmidt-pladiert-zum-weltdiabetestag-fur-mehr-pravention\/"},"modified":"2006-11-13T16:53:58","modified_gmt":"2006-11-13T15:53:58","slug":"ulla-schmidt-pladiert-zum-weltdiabetestag-fur-mehr-pravention","status":"publish","type":"post","link":"https:\/\/www.diabsite.de\/diabetes-weblog\/2006\/11\/13\/ulla-schmidt-pladiert-zum-weltdiabetestag-fur-mehr-pravention\/","title":{"rendered":"Ulla Schmidt pl\u00e4diert zum Weltdiabetestag f\u00fcr mehr Pr\u00e4vention"},"content":{"rendered":"<p>Der Weltdiabetestag bietet Gelegenheit, \u00fcber Diabetes zu reden und bewusst zu machen, wie viel man selbst durch vorbeugende Ma\u00dfnahmen tun kann, betont die Bundesministerin anl\u00e4sslich des Weltdiabetestages. Denn eine gute Pr\u00e4vention hilft, Diabetes zu vermeiden. Au\u00dferdem spricht die Ministerin sich f\u00fcr mehr Diabetes-Informationen und eine bessere Behandlung der Diabetikerinnen und Diabetiker aus. <a href=\"https:\/\/www.diabsite.de\/aktuelles\/nachrichten\/2006\/061113b.html\" title=\"zur Nachricht\" target=\"_blank\">Nachricht lesen<\/a><\/p>\n","protected":false},"excerpt":{"rendered":"<p>Der Weltdiabetestag bietet Gelegenheit, \u00fcber Diabetes zu reden und bewusst zu machen, wie viel man selbst durch vorbeugende Ma\u00dfnahmen tun kann, betont die Bundesministerin anl\u00e4sslich des Weltdiabetestages. Denn eine gute Pr\u00e4vention hilft, Diabetes zu vermeiden. Au\u00dferdem spricht die Ministerin sich f\u00fcr mehr Diabetes-Informationen und eine bessere Behandlung der Diabetikerinnen und Diabetiker aus. Nachricht lesen<\/p>\n","protected":false},"author":4,"featured_media":0,"comment_status":"closed","ping_status":"open","sticky":false,"template":"","format":"standard","meta":{"footnotes":""},"categories":[2],"tags":[],"_links":{"self":[{"href":"https:\/\/www.diabsite.de\/diabetes-weblog\/wp-json\/wp\/v2\/posts\/1205"}],"collection":[{"href":"https:\/\/www.diabsite.de\/diabetes-weblog\/wp-json\/wp\/v2\/posts"}],"about":[{"href":"https:\/\/www.diabsite.de\/diabetes-weblog\/wp-json\/wp\/v2\/types\/post"}],"author":[{"embeddable":true,"href":"https:\/\/www.diabsite.de\/diabetes-weblog\/wp-json\/wp\/v2\/users\/4"}],"replies":[{"embeddable":true,"href":"https:\/\/www.diabsite.de\/diabetes-weblog\/wp-json\/wp\/v2\/comments?post=1205"}],"version-history":[{"count":0,"href":"https:\/\/www.diabsite.de\/diabetes-weblog\/wp-json\/wp\/v2\/posts\/1205\/revisions"}],"wp:attachment":[{"href":"https:\/\/www.diabsite.de\/diabetes-weblog\/wp-json\/wp\/v2\/media?parent=1205"}],"wp:term":[{"taxonomy":"category","embeddable":true,"href":"https:\/\/www.diabsite.de\/diabetes-weblog\/wp-json\/wp\/v2\/categories?post=1205"},{"taxonomy":"post_tag","embeddable":true,"href":"https:\/\/www.diabsite.de\/diabetes-weblog\/wp-json\/wp\/v2\/tags?post=1205"}],"curies":[{"name":"wp","href":"https:\/\/api.w.org\/{rel}","templated":true}]}}