{"id":1189,"date":"2006-11-08T15:22:08","date_gmt":"2006-11-08T14:22:08","guid":{"rendered":"http:\/\/www.diabsite.de\/diabetes-weblog\/2006\/11\/08\/weltdiabetestag2006-hauptveranstaltung-am-14november-2006-im-berliner-congress-center\/"},"modified":"2006-11-08T15:22:08","modified_gmt":"2006-11-08T14:22:08","slug":"weltdiabetestag2006-hauptveranstaltung-am-14november-2006-im-berliner-congress-center","status":"publish","type":"post","link":"https:\/\/www.diabsite.de\/diabetes-weblog\/2006\/11\/08\/weltdiabetestag2006-hauptveranstaltung-am-14november-2006-im-berliner-congress-center\/","title":{"rendered":"Weltdiabetestag&nbsp;2006: Hauptveranstaltung am 14.&nbsp;November 2006 im Berliner Congress Center"},"content":{"rendered":"<p>Die Deutsche Diabetes-Union&nbsp;(DDU) l\u00e4dt alle Betroffenen, ihre Angeh\u00f6rigen und alle Interessierten zur bundesweiten Hauptveranstaltung, anl\u00e4sslich des Weltdiabetestages&nbsp;(WDT)&nbsp;2006, in das Berliner Congress Center&nbsp;(BCC) direkt am Alexanderplatz, ein. Von der Internationalen Diabetes-F\u00f6rderation&nbsp;(IDF) und der Weltgesundheitsorganisation&nbsp;(WHO) wurde das Jahr&nbsp;2006 zum Jahr der Benachteiligten und Gef\u00e4hrdeten erkl\u00e4rt und eine globale Bewusstseinskampagne der Diabetes-Welt eingeleitet. Auch die DDU hat f\u00fcr den WDT in diesem Jahr &#8222;Diabetes bei besonderen Patientengruppen&#8220; thematisiert, fordert Hilfe f\u00fcr Jeden und bietet sie direkt in ihrer Veranstaltung an. <a href=\"https:\/\/www.diabsite.de\/aktuelles\/nachrichten\/2006\/061108c.html\" title=\"zur Nachricht\" target=\"_blank\">Nachricht lesen<\/a><\/p>\n","protected":false},"excerpt":{"rendered":"<p>Die Deutsche Diabetes-Union&nbsp;(DDU) l\u00e4dt alle Betroffenen, ihre Angeh\u00f6rigen und alle Interessierten zur bundesweiten Hauptveranstaltung, anl\u00e4sslich des Weltdiabetestages&nbsp;(WDT)&nbsp;2006, in das Berliner Congress Center&nbsp;(BCC) direkt am Alexanderplatz, ein. Von der Internationalen Diabetes-F\u00f6rderation&nbsp;(IDF) und der Weltgesundheitsorganisation&nbsp;(WHO) wurde das Jahr&nbsp;2006 zum Jahr der Benachteiligten und Gef\u00e4hrdeten erkl\u00e4rt und eine globale Bewusstseinskampagne der Diabetes-Welt eingeleitet. Auch die DDU hat f\u00fcr [&hellip;]<\/p>\n","protected":false},"author":2,"featured_media":0,"comment_status":"closed","ping_status":"open","sticky":false,"template":"","format":"standard","meta":{"footnotes":""},"categories":[2],"tags":[],"_links":{"self":[{"href":"https:\/\/www.diabsite.de\/diabetes-weblog\/wp-json\/wp\/v2\/posts\/1189"}],"collection":[{"href":"https:\/\/www.diabsite.de\/diabetes-weblog\/wp-json\/wp\/v2\/posts"}],"about":[{"href":"https:\/\/www.diabsite.de\/diabetes-weblog\/wp-json\/wp\/v2\/types\/post"}],"author":[{"embeddable":true,"href":"https:\/\/www.diabsite.de\/diabetes-weblog\/wp-json\/wp\/v2\/users\/2"}],"replies":[{"embeddable":true,"href":"https:\/\/www.diabsite.de\/diabetes-weblog\/wp-json\/wp\/v2\/comments?post=1189"}],"version-history":[{"count":0,"href":"https:\/\/www.diabsite.de\/diabetes-weblog\/wp-json\/wp\/v2\/posts\/1189\/revisions"}],"wp:attachment":[{"href":"https:\/\/www.diabsite.de\/diabetes-weblog\/wp-json\/wp\/v2\/media?parent=1189"}],"wp:term":[{"taxonomy":"category","embeddable":true,"href":"https:\/\/www.diabsite.de\/diabetes-weblog\/wp-json\/wp\/v2\/categories?post=1189"},{"taxonomy":"post_tag","embeddable":true,"href":"https:\/\/www.diabsite.de\/diabetes-weblog\/wp-json\/wp\/v2\/tags?post=1189"}],"curies":[{"name":"wp","href":"https:\/\/api.w.org\/{rel}","templated":true}]}}