{"id":1172,"date":"2006-11-02T20:36:36","date_gmt":"2006-11-02T18:36:36","guid":{"rendered":"http:\/\/www.diabsite.de\/diabetes-weblog\/2006\/11\/02\/patienten-mit-diabetes-fachubergreifend-betreuen\/"},"modified":"2006-11-03T16:39:56","modified_gmt":"2006-11-03T14:39:56","slug":"patienten-mit-diabetes-fachubergreifend-betreuen","status":"publish","type":"post","link":"https:\/\/www.diabsite.de\/diabetes-weblog\/2006\/11\/02\/patienten-mit-diabetes-fachubergreifend-betreuen\/","title":{"rendered":"Patienten mit Diabetes fach\u00fcbergreifend betreuen"},"content":{"rendered":"<p><a href=\"https:\/\/www.diabsite.de\/aktuelles\/nachrichten\/2006\/061102.html\" title=\"zur Nachricht\" target=\"_blank\"><img loading=\"lazy\" decoding=\"async\" class=\"alignright\" src=\"https:\/\/www.diabsite.de\/diabetes-weblog\/wp-content\/themes\/diabsite\/images\/ruessmann2.jpg\" width=\"100\" height=\"129\" alt=\"Dr. med. Heinz-J\u00fcrgen R\u00fc\u00dfmann\" title=\"Dr. med. Heinz-J\u00fcrgen R\u00fc\u00dfmann\" \/><\/a> Dr. Heinz-J\u00fcrgen R\u00fc\u00dfmann, Tagungspr\u00e4sident, Vorsitzender der Arbeitsgemeinschaft niedergelassener diabetologisch t\u00e4tiger \u00c4rzte (AND) e.V. und praktischer Arzt mit dem Schwerpunkt Diabetes in Dinslaken, fordert im Rahmen der Veranstaltung: AND-Symposium f\u00fcr praktische Diabetologie\/Herbsttagung-DDG eine bessere Zusammenarbeit zwischen Fach- und Haus\u00e4rzten. <a href=\"https:\/\/www.diabsite.de\/aktuelles\/nachrichten\/2006\/061102.html\" title=\"zur Nachricht\" target=\"_blank\">Nachricht lesen<\/a><\/p>\n","protected":false},"excerpt":{"rendered":"<p>Dr. Heinz-J\u00fcrgen R\u00fc\u00dfmann, Tagungspr\u00e4sident, Vorsitzender der Arbeitsgemeinschaft niedergelassener diabetologisch t\u00e4tiger \u00c4rzte (AND) e.V. und praktischer Arzt mit dem Schwerpunkt Diabetes in Dinslaken, fordert im Rahmen der Veranstaltung: AND-Symposium f\u00fcr praktische Diabetologie\/Herbsttagung-DDG eine bessere Zusammenarbeit zwischen Fach- und Haus\u00e4rzten. Nachricht lesen<\/p>\n","protected":false},"author":4,"featured_media":0,"comment_status":"closed","ping_status":"open","sticky":false,"template":"","format":"standard","meta":{"footnotes":""},"categories":[2],"tags":[],"_links":{"self":[{"href":"https:\/\/www.diabsite.de\/diabetes-weblog\/wp-json\/wp\/v2\/posts\/1172"}],"collection":[{"href":"https:\/\/www.diabsite.de\/diabetes-weblog\/wp-json\/wp\/v2\/posts"}],"about":[{"href":"https:\/\/www.diabsite.de\/diabetes-weblog\/wp-json\/wp\/v2\/types\/post"}],"author":[{"embeddable":true,"href":"https:\/\/www.diabsite.de\/diabetes-weblog\/wp-json\/wp\/v2\/users\/4"}],"replies":[{"embeddable":true,"href":"https:\/\/www.diabsite.de\/diabetes-weblog\/wp-json\/wp\/v2\/comments?post=1172"}],"version-history":[{"count":0,"href":"https:\/\/www.diabsite.de\/diabetes-weblog\/wp-json\/wp\/v2\/posts\/1172\/revisions"}],"wp:attachment":[{"href":"https:\/\/www.diabsite.de\/diabetes-weblog\/wp-json\/wp\/v2\/media?parent=1172"}],"wp:term":[{"taxonomy":"category","embeddable":true,"href":"https:\/\/www.diabsite.de\/diabetes-weblog\/wp-json\/wp\/v2\/categories?post=1172"},{"taxonomy":"post_tag","embeddable":true,"href":"https:\/\/www.diabsite.de\/diabetes-weblog\/wp-json\/wp\/v2\/tags?post=1172"}],"curies":[{"name":"wp","href":"https:\/\/api.w.org\/{rel}","templated":true}]}}