{"id":11096,"date":"2010-10-26T22:48:47","date_gmt":"2010-10-26T20:48:47","guid":{"rendered":"http:\/\/www.diabsite.de\/diabetes-weblog\/?p=11096"},"modified":"2010-10-26T23:51:44","modified_gmt":"2010-10-26T21:51:44","slug":"eroffnung-des-deutschen-zentrums-fur-diabetesforschung-in-berlin-mitte","status":"publish","type":"post","link":"https:\/\/www.diabsite.de\/diabetes-weblog\/2010\/10\/26\/eroffnung-des-deutschen-zentrums-fur-diabetesforschung-in-berlin-mitte\/","title":{"rendered":"Er\u00f6ffnung des Deutschen Zentrums f\u00fcr Diabetesforschung in Berlin-Mitte"},"content":{"rendered":"<p>Am Dienstag, den 09. November 2010, wird in Berlin-Mitte das Deutsche Zentrum f\u00fcr Diabetesforschung&nbsp;e.V.&nbsp;(DZD) feierlich vom Parlamentarischen Staatsekret\u00e4r der Bundesministerin f\u00fcr Bildung und Forschung, Dr.&nbsp;Helge Braun, er\u00f6ffnet. Im Anschluss findet eine Podiumsdiskussion mit namhaften Diabetesforschern \u00fcber die Herausforderungen der Diabetesforschung in Deutschland statt. <a href=\"https:\/\/www.diabsite.de\/aktuelles\/nachrichten\/2010\/101026b.html\" target=\"_blank\" class=\"ds\" title=\"zur Nachricht (neues Fenster)\">Nachricht lesen<\/a><\/p>\n","protected":false},"excerpt":{"rendered":"<p>Am Dienstag, den 09. November 2010, wird in Berlin-Mitte das Deutsche Zentrum f\u00fcr Diabetesforschung&nbsp;e.V.&nbsp;(DZD) feierlich vom Parlamentarischen Staatsekret\u00e4r der Bundesministerin f\u00fcr Bildung und Forschung, Dr.&nbsp;Helge Braun, er\u00f6ffnet. Im Anschluss findet eine Podiumsdiskussion mit namhaften Diabetesforschern \u00fcber die Herausforderungen der Diabetesforschung in Deutschland statt. Nachricht lesen<\/p>\n","protected":false},"author":4,"featured_media":0,"comment_status":"closed","ping_status":"open","sticky":false,"template":"","format":"standard","meta":{"footnotes":""},"categories":[2],"tags":[],"_links":{"self":[{"href":"https:\/\/www.diabsite.de\/diabetes-weblog\/wp-json\/wp\/v2\/posts\/11096"}],"collection":[{"href":"https:\/\/www.diabsite.de\/diabetes-weblog\/wp-json\/wp\/v2\/posts"}],"about":[{"href":"https:\/\/www.diabsite.de\/diabetes-weblog\/wp-json\/wp\/v2\/types\/post"}],"author":[{"embeddable":true,"href":"https:\/\/www.diabsite.de\/diabetes-weblog\/wp-json\/wp\/v2\/users\/4"}],"replies":[{"embeddable":true,"href":"https:\/\/www.diabsite.de\/diabetes-weblog\/wp-json\/wp\/v2\/comments?post=11096"}],"version-history":[{"count":4,"href":"https:\/\/www.diabsite.de\/diabetes-weblog\/wp-json\/wp\/v2\/posts\/11096\/revisions"}],"predecessor-version":[{"id":11100,"href":"https:\/\/www.diabsite.de\/diabetes-weblog\/wp-json\/wp\/v2\/posts\/11096\/revisions\/11100"}],"wp:attachment":[{"href":"https:\/\/www.diabsite.de\/diabetes-weblog\/wp-json\/wp\/v2\/media?parent=11096"}],"wp:term":[{"taxonomy":"category","embeddable":true,"href":"https:\/\/www.diabsite.de\/diabetes-weblog\/wp-json\/wp\/v2\/categories?post=11096"},{"taxonomy":"post_tag","embeddable":true,"href":"https:\/\/www.diabsite.de\/diabetes-weblog\/wp-json\/wp\/v2\/tags?post=11096"}],"curies":[{"name":"wp","href":"https:\/\/api.w.org\/{rel}","templated":true}]}}