{"id":11084,"date":"2010-10-25T14:03:49","date_gmt":"2010-10-25T12:03:49","guid":{"rendered":"http:\/\/www.diabsite.de\/diabetes-weblog\/?p=11084"},"modified":"2010-10-25T14:57:41","modified_gmt":"2010-10-25T12:57:41","slug":"zum-weltdiabetestag-gegen-den-diabetes-walken","status":"publish","type":"post","link":"https:\/\/www.diabsite.de\/diabetes-weblog\/2010\/10\/25\/zum-weltdiabetestag-gegen-den-diabetes-walken\/","title":{"rendered":"Zum Weltdiabetestag gegen den Diabetes walken"},"content":{"rendered":"<p>Die von diabetesDE organisierte zentrale Veranstaltung zum Weltdiabetestag findet in diesem Jahr bei freiem Eintritt am Sonntag, den 14.11.2010, im Berliner Congress Center&nbsp;(bcc) am Alexanderplatz in Berlin statt. Neben \u00fcber 40&nbsp;Vortr\u00e4gen und Workshops fordern viele Aktivit\u00e4ten zum Mitmachen auf. Hier steht vor allem das Thema Bewegung im Vordergrund, denn Bewegung sch\u00fctzt nicht nur vor Diabetes, sie senkt auch den Blutzuckerspiegel, wenn man bereits erkrankt sein sollte. Zum Abschluss des Weltdiabetestages hat sich daher die zweifache Olympiasiegerin Heide Ecker-Rosendahl bereit erkl\u00e4rt, mit Betroffenen und allen Interessierten vor dem bcc einen 500&nbsp;Meter Rundkurs zu walken. <a href=\"https:\/\/www.diabsite.de\/aktuelles\/nachrichten\/2010\/101025.html\" target=\"_blank\" class=\"ds\" title=\"zur Nachricht (neues Fenster)\">Nachricht lesen<\/a><\/p>\n","protected":false},"excerpt":{"rendered":"<p>Die von diabetesDE organisierte zentrale Veranstaltung zum Weltdiabetestag findet in diesem Jahr bei freiem Eintritt am Sonntag, den 14.11.2010, im Berliner Congress Center&nbsp;(bcc) am Alexanderplatz in Berlin statt. Neben \u00fcber 40&nbsp;Vortr\u00e4gen und Workshops fordern viele Aktivit\u00e4ten zum Mitmachen auf. Hier steht vor allem das Thema Bewegung im Vordergrund, denn Bewegung sch\u00fctzt nicht nur vor Diabetes, [&hellip;]<\/p>\n","protected":false},"author":4,"featured_media":0,"comment_status":"closed","ping_status":"open","sticky":false,"template":"","format":"standard","meta":{"footnotes":""},"categories":[2],"tags":[],"_links":{"self":[{"href":"https:\/\/www.diabsite.de\/diabetes-weblog\/wp-json\/wp\/v2\/posts\/11084"}],"collection":[{"href":"https:\/\/www.diabsite.de\/diabetes-weblog\/wp-json\/wp\/v2\/posts"}],"about":[{"href":"https:\/\/www.diabsite.de\/diabetes-weblog\/wp-json\/wp\/v2\/types\/post"}],"author":[{"embeddable":true,"href":"https:\/\/www.diabsite.de\/diabetes-weblog\/wp-json\/wp\/v2\/users\/4"}],"replies":[{"embeddable":true,"href":"https:\/\/www.diabsite.de\/diabetes-weblog\/wp-json\/wp\/v2\/comments?post=11084"}],"version-history":[{"count":2,"href":"https:\/\/www.diabsite.de\/diabetes-weblog\/wp-json\/wp\/v2\/posts\/11084\/revisions"}],"predecessor-version":[{"id":11086,"href":"https:\/\/www.diabsite.de\/diabetes-weblog\/wp-json\/wp\/v2\/posts\/11084\/revisions\/11086"}],"wp:attachment":[{"href":"https:\/\/www.diabsite.de\/diabetes-weblog\/wp-json\/wp\/v2\/media?parent=11084"}],"wp:term":[{"taxonomy":"category","embeddable":true,"href":"https:\/\/www.diabsite.de\/diabetes-weblog\/wp-json\/wp\/v2\/categories?post=11084"},{"taxonomy":"post_tag","embeddable":true,"href":"https:\/\/www.diabsite.de\/diabetes-weblog\/wp-json\/wp\/v2\/tags?post=11084"}],"curies":[{"name":"wp","href":"https:\/\/api.w.org\/{rel}","templated":true}]}}