{"id":11063,"date":"2010-10-20T23:13:37","date_gmt":"2010-10-20T21:13:37","guid":{"rendered":"http:\/\/www.diabsite.de\/diabetes-weblog\/?p=11063"},"modified":"2010-10-23T23:29:30","modified_gmt":"2010-10-23T21:29:30","slug":"fakten-studie-zu-den-themen-kinder-werbung-und-ernahrung","status":"publish","type":"post","link":"https:\/\/www.diabsite.de\/diabetes-weblog\/2010\/10\/20\/fakten-studie-zu-den-themen-kinder-werbung-und-ernahrung\/","title":{"rendered":"Fakten-Studie zu den Themen : &#8222;Kinder, Werbung und Ern\u00e4hrung&#8220;"},"content":{"rendered":"<p>Bundesregierung, Wissenschaftler und Wirtschaft sind sich weitgehend einig: Nicht die Markt-Kommunikation der Produzenten, des Handels und der Medien sind Schuld am von Kinder, sondern andere Faktoren. Welche? Und wie sieht es \u00fcberhaupt aus mit &#8218;\u00dcbergewicht&#8216;&nbsp;&#8211; global, in Deutschland und dort mit Kindern? Wie weit ist Lebensmittelwerbung vor allem in Bezug auf Kinderschutz eingegrenzt? Und gibt es dar\u00fcber hinaus freiwillige Zur\u00fcckhaltung der Ern\u00e4hrungswirtschaft? <a href=\"https:\/\/www.diabsite.de\/aktuelles\/nachrichten\/2010\/101020c.html\" target=\"_blank\" class=\"ds\" title=\"zur Nachricht (neues Fenster)\">Nachricht lesen<\/a><\/p>\n","protected":false},"excerpt":{"rendered":"<p>Bundesregierung, Wissenschaftler und Wirtschaft sind sich weitgehend einig: Nicht die Markt-Kommunikation der Produzenten, des Handels und der Medien sind Schuld am von Kinder, sondern andere Faktoren. Welche? Und wie sieht es \u00fcberhaupt aus mit &#8218;\u00dcbergewicht&#8216;&nbsp;&#8211; global, in Deutschland und dort mit Kindern? Wie weit ist Lebensmittelwerbung vor allem in Bezug auf Kinderschutz eingegrenzt? Und gibt [&hellip;]<\/p>\n","protected":false},"author":4,"featured_media":0,"comment_status":"closed","ping_status":"open","sticky":false,"template":"","format":"standard","meta":{"footnotes":""},"categories":[2],"tags":[],"_links":{"self":[{"href":"https:\/\/www.diabsite.de\/diabetes-weblog\/wp-json\/wp\/v2\/posts\/11063"}],"collection":[{"href":"https:\/\/www.diabsite.de\/diabetes-weblog\/wp-json\/wp\/v2\/posts"}],"about":[{"href":"https:\/\/www.diabsite.de\/diabetes-weblog\/wp-json\/wp\/v2\/types\/post"}],"author":[{"embeddable":true,"href":"https:\/\/www.diabsite.de\/diabetes-weblog\/wp-json\/wp\/v2\/users\/4"}],"replies":[{"embeddable":true,"href":"https:\/\/www.diabsite.de\/diabetes-weblog\/wp-json\/wp\/v2\/comments?post=11063"}],"version-history":[{"count":3,"href":"https:\/\/www.diabsite.de\/diabetes-weblog\/wp-json\/wp\/v2\/posts\/11063\/revisions"}],"predecessor-version":[{"id":11067,"href":"https:\/\/www.diabsite.de\/diabetes-weblog\/wp-json\/wp\/v2\/posts\/11063\/revisions\/11067"}],"wp:attachment":[{"href":"https:\/\/www.diabsite.de\/diabetes-weblog\/wp-json\/wp\/v2\/media?parent=11063"}],"wp:term":[{"taxonomy":"category","embeddable":true,"href":"https:\/\/www.diabsite.de\/diabetes-weblog\/wp-json\/wp\/v2\/categories?post=11063"},{"taxonomy":"post_tag","embeddable":true,"href":"https:\/\/www.diabsite.de\/diabetes-weblog\/wp-json\/wp\/v2\/tags?post=11063"}],"curies":[{"name":"wp","href":"https:\/\/api.w.org\/{rel}","templated":true}]}}