{"id":10978,"date":"2010-10-13T23:13:16","date_gmt":"2010-10-13T21:13:16","guid":{"rendered":"http:\/\/www.diabsite.de\/diabetes-weblog\/?p=10978"},"modified":"2010-10-14T00:16:43","modified_gmt":"2010-10-13T22:16:43","slug":"bergarbeiter-mit-diabetes-gerettet","status":"publish","type":"post","link":"https:\/\/www.diabsite.de\/diabetes-weblog\/2010\/10\/13\/bergarbeiter-mit-diabetes-gerettet\/","title":{"rendered":"Bergarbeiter mit Diabetes gerettet"},"content":{"rendered":"<p>Am fr\u00fchen Morgen begann die Rettung der versch\u00fctteten Bergleute in Chile. Mehr als zwei Monate waren 33&nbsp;Menschen in der Mine in San Jos\u00e9 eingeschlossen. Einer von ihnen hat Diabetes, ein weiterer medizinische Vorkenntnisse, weil seine Mutter Diabetikerin war. W\u00e4hrend die Angeh\u00f6rigen im Camp Esperanza auf ihre Ehem\u00e4nner, V\u00e4ter, Br\u00fcder und S\u00f6hne warten, bereiten den Rettern vor allem die Kumpels mit Vorerkrankungen wie Diabetes und Bluthochdruck gro\u00dfe Sorgen. <a href=\"https:\/\/www.diabsite.de\/aktuelles\/nachrichten\/2010\/101013.html\" target=\"_blank\" class=\"ds\" title=\"zur Nachricht (neues Fenster)\">Nachricht lesen<\/a><\/p>\n","protected":false},"excerpt":{"rendered":"<p>Am fr\u00fchen Morgen begann die Rettung der versch\u00fctteten Bergleute in Chile. Mehr als zwei Monate waren 33&nbsp;Menschen in der Mine in San Jos\u00e9 eingeschlossen. Einer von ihnen hat Diabetes, ein weiterer medizinische Vorkenntnisse, weil seine Mutter Diabetikerin war. W\u00e4hrend die Angeh\u00f6rigen im Camp Esperanza auf ihre Ehem\u00e4nner, V\u00e4ter, Br\u00fcder und S\u00f6hne warten, bereiten den Rettern [&hellip;]<\/p>\n","protected":false},"author":4,"featured_media":0,"comment_status":"closed","ping_status":"open","sticky":false,"template":"","format":"standard","meta":{"footnotes":""},"categories":[2],"tags":[],"_links":{"self":[{"href":"https:\/\/www.diabsite.de\/diabetes-weblog\/wp-json\/wp\/v2\/posts\/10978"}],"collection":[{"href":"https:\/\/www.diabsite.de\/diabetes-weblog\/wp-json\/wp\/v2\/posts"}],"about":[{"href":"https:\/\/www.diabsite.de\/diabetes-weblog\/wp-json\/wp\/v2\/types\/post"}],"author":[{"embeddable":true,"href":"https:\/\/www.diabsite.de\/diabetes-weblog\/wp-json\/wp\/v2\/users\/4"}],"replies":[{"embeddable":true,"href":"https:\/\/www.diabsite.de\/diabetes-weblog\/wp-json\/wp\/v2\/comments?post=10978"}],"version-history":[{"count":2,"href":"https:\/\/www.diabsite.de\/diabetes-weblog\/wp-json\/wp\/v2\/posts\/10978\/revisions"}],"predecessor-version":[{"id":10980,"href":"https:\/\/www.diabsite.de\/diabetes-weblog\/wp-json\/wp\/v2\/posts\/10978\/revisions\/10980"}],"wp:attachment":[{"href":"https:\/\/www.diabsite.de\/diabetes-weblog\/wp-json\/wp\/v2\/media?parent=10978"}],"wp:term":[{"taxonomy":"category","embeddable":true,"href":"https:\/\/www.diabsite.de\/diabetes-weblog\/wp-json\/wp\/v2\/categories?post=10978"},{"taxonomy":"post_tag","embeddable":true,"href":"https:\/\/www.diabsite.de\/diabetes-weblog\/wp-json\/wp\/v2\/tags?post=10978"}],"curies":[{"name":"wp","href":"https:\/\/api.w.org\/{rel}","templated":true}]}}